{"id":943,"date":"2020-12-14T14:18:47","date_gmt":"2020-12-14T13:18:47","guid":{"rendered":"https:\/\/www.formacompost.fr\/?p=943"},"modified":"2021-02-01T09:26:59","modified_gmt":"2021-02-01T08:26:59","slug":"creer-demain","status":"publish","type":"post","link":"https:\/\/www.formacompost.fr\/espace-pro-accueil\/creer-demain\/","title":{"rendered":"Cr\u00e9er demain"},"content":{"rendered":"\t\t<div data-elementor-type=\"wp-post\" data-elementor-id=\"943\" class=\"elementor elementor-943\" data-elementor-post-type=\"post\">\n\t\t\t\t\t\t<section class=\"elementor-section elementor-top-section elementor-element elementor-element-4c09a0ad elementor-section-boxed elementor-section-height-default elementor-section-height-default\" data-id=\"4c09a0ad\" data-element_type=\"section\" data-e-type=\"section\">\n\t\t\t\t\t\t<div class=\"elementor-container elementor-column-gap-default\">\n\t\t\t\t\t<div class=\"elementor-column elementor-col-100 elementor-top-column elementor-element elementor-element-5984d165\" data-id=\"5984d165\" data-element_type=\"column\" data-e-type=\"column\">\n\t\t\t<div class=\"elementor-widget-wrap elementor-element-populated\">\n\t\t\t\t\t\t<div class=\"elementor-element elementor-element-8f3c58b elementor-widget elementor-widget-video\" data-id=\"8f3c58b\" data-element_type=\"widget\" data-e-type=\"widget\" data-settings=\"{&quot;youtube_url&quot;:&quot;https:\\\/\\\/www.youtube.com\\\/watch?v=pHsLOwUEh4I&quot;,&quot;video_type&quot;:&quot;youtube&quot;,&quot;controls&quot;:&quot;yes&quot;}\" data-widget_type=\"video.default\">\n\t\t\t\t<div class=\"elementor-widget-container\">\n\t\t\t\t\t\t\t<div class=\"elementor-wrapper elementor-open-inline\">\n\t\t\t<div class=\"elementor-video\"><\/div>\t\t<\/div>\n\t\t\t\t\t\t<\/div>\n\t\t\t\t<\/div>\n\t\t\t\t\t<\/div>\n\t\t<\/div>\n\t\t\t\t\t<\/div>\n\t\t<\/section>\n\t\t\t\t<section class=\"elementor-section elementor-top-section elementor-element elementor-element-a4b4978 elementor-section-boxed elementor-section-height-default elementor-section-height-default\" data-id=\"a4b4978\" data-element_type=\"section\" data-e-type=\"section\">\n\t\t\t\t\t\t<div class=\"elementor-container elementor-column-gap-default\">\n\t\t\t\t\t<div class=\"elementor-column elementor-col-100 elementor-top-column elementor-element elementor-element-b63a457\" data-id=\"b63a457\" data-element_type=\"column\" data-e-type=\"column\">\n\t\t\t<div class=\"elementor-widget-wrap elementor-element-populated\">\n\t\t\t\t\t\t<div class=\"elementor-element elementor-element-2bfe898 elementor-widget elementor-widget-text-editor\" data-id=\"2bfe898\" data-element_type=\"widget\" data-e-type=\"widget\" data-widget_type=\"text-editor.default\">\n\t\t\t\t<div class=\"elementor-widget-container\">\n\t\t\t\t\t\t\t\t\t<p>Formacompost vient de participer \u00e0 la\u00a0<span style=\"font-weight: bold\">deuxi\u00e8me \u00e9dition\u00a0<\/span>de\u00a0<span style=\"font-weight: bold\">Cr\u00e9er Demain, 2 jours pour innover\u00a0<\/span>(organis\u00e9e par L\u2019Agence Economique R\u00e9gionale BFC ) sur le th\u00e8me de\u00a0<span style=\"font-weight: bold\">l\u2019innovation frugale, pour une innovation \u00e9conome en ressources\u00a0<\/span>qui s\u2019est d\u00e9roul\u00e9e ce\u00a0<span style=\"font-weight: bold\">mercredi 25 et jeudi 26 novembre 2020 en format 100% digital<\/span>.\u00a0<\/p>\t\t\t\t\t\t\t\t<\/div>\n\t\t\t\t<\/div>\n\t\t\t\t<div class=\"elementor-element elementor-element-5040124 elementor-widget elementor-widget-heading\" data-id=\"5040124\" data-element_type=\"widget\" data-e-type=\"widget\" data-widget_type=\"heading.default\">\n\t\t\t\t<div class=\"elementor-widget-container\">\n\t\t\t\t\t<h2 class=\"elementor-heading-title elementor-size-medium\">Formacompost s\u2019inscrit pleinement dans ce contexte d\u2019innovation \u00e9conome en ressource avec sa derni\u00e8re innovation Le CULBUTO 50\n<\/h2>\t\t\t\t<\/div>\n\t\t\t\t<\/div>\n\t\t\t\t<div class=\"elementor-element elementor-element-bf2d851 elementor-widget elementor-widget-text-editor\" data-id=\"bf2d851\" data-element_type=\"widget\" data-e-type=\"widget\" data-widget_type=\"text-editor.default\">\n\t\t\t\t<div class=\"elementor-widget-container\">\n\t\t\t\t\t\t\t\t\t<p><span style=\"text-align: center;font-weight: bold\">Rotatif<\/span><span style=\"text-align: center\">\u00a0: pour \u00e9viter le brassage manuel \u00e0 la fourche au jardin\u00a0<\/span><\/p>\n<p><span style=\"text-align: center\">\u00a0<\/span><\/p>\n<p class=\"has-text-align-center\" style=\"font-size: 15px;font-weight: normal;text-transform: none\"><span style=\"font-weight: bold\">Isotherme<\/span>\u00a0: pour \u00e9viter les mauvaises odeurs, les rongeurs et acc\u00e9l\u00e9rer le processus de compostage\u00a0<\/p>\n<p class=\"has-text-align-center\" style=\"font-size: 15px;font-weight: normal;text-transform: none\">\u00a0<\/p>\n<p class=\"has-text-align-center\" style=\"font-size: 15px;font-weight: normal;text-transform: none\"><span style=\"font-weight: bold\">Peu encombrant<\/span>\u00a0: pour se placer facilement au plus pr\u00e8s de la cuisine\u00a0<\/p>\n<p class=\"has-text-align-center\" style=\"font-size: 15px;font-weight: normal;text-transform: none\"><span style=\"font-weight: bold\">\u00a0<\/span><\/p>\n<p class=\"has-text-align-center\" style=\"font-size: 15px;font-weight: normal;text-transform: none\"><span style=\"font-weight: bold\">Une conception\u00a0<\/span><span style=\"font-weight: bold\">unique\u00a0<\/span>: \u00ab L\u2019effet Culbuto \u00bb, qui lui permet de revenir seul \u00e0 sa position initiale et ainsi permettre l\u2019\u00e9vacuation des jus dans le r\u00e9servoir pr\u00e9vu \u00e0 cet effet.\u00a0<\/p>\n<p class=\"has-text-align-center\" style=\"font-size: 15px;font-weight: normal;text-transform: none\">\u00a0<\/p>\n<p class=\"has-text-align-center\" style=\"font-size: 15px;font-weight: normal;text-transform: none\">Peut composter jusqu\u2019\u00e0<span style=\"font-weight: bold\">\u00a010kg<\/span>\u00a0de d\u00e9chets alimentaires par semaine\u00a0<\/p>\n<p class=\"has-text-align-center\" style=\"font-size: 15px;font-weight: normal;text-transform: none\">\u00a0<\/p>\n<p class=\"has-text-align-center\" style=\"font-size: 15px;font-weight: normal;text-transform: none\"><span style=\"font-weight: bold\">Un compostage plus accessible<\/span>\u00a0: pour adopter une d\u00e9marche \u00e9co-citoyenne qui s\u2019inscrit dans l\u2019\u00e9conomie circulaire : \u201c Je consomme, je produis des d\u00e9chets, je les valorise \u201d\u00a0<\/p>\n<p style=\"font-size: 15px;font-weight: normal;text-transform: none\">\u00a0<\/p>\n<p class=\"has-text-align-center\" style=\"font-size: 15px;font-weight: normal;text-transform: none\">\u00a0<\/p>\n<p class=\"has-text-align-center\" style=\"font-size: 15px;font-weight: normal;text-transform: none\">Le Culbuto 50, est con\u00e7u et assembl\u00e9 en Bourgogne et s\u2019inscrit pleinement dans l\u2019\u00e9conomie\u00a0<span style=\"font-weight: bold\">circulaire<\/span>\u00a0:\u00a0<\/p>\n<p class=\"has-text-align-center\" style=\"font-size: 15px;font-weight: normal;text-transform: none\">\u00a0<\/p>\n<p class=\"has-text-align-center\" style=\"font-size: 15px;font-weight: normal;text-transform: none\"><span style=\"font-weight: bold\">Fabrication fran\u00e7aise<\/span>\u00a0<span style=\"font-weight: bold\">prot\u00e9g\u00e9e par 2 brevets<\/span><\/p>\n<p class=\"has-text-align-center\" style=\"font-size: 15px;font-weight: normal;text-transform: none\"><span style=\"font-weight: bold\">\u00a0<\/span><\/p>\n<p class=\"has-text-align-center\" style=\"font-size: 15px;font-weight: normal;text-transform: none\">Anti UV, pour un\u00a0<span style=\"font-weight: bold\">produit durable dans le temps<\/span><\/p>\n<p class=\"has-text-align-center\" style=\"font-size: 15px;font-weight: normal;text-transform: none\"><span style=\"font-weight: bold\">\u00a0<\/span><\/p>\n<p class=\"has-text-align-center\" style=\"font-size: 15px;font-weight: normal;text-transform: none\"><span style=\"font-weight: bold\">Mati\u00e8re recycl\u00e9e et 100% recyclable<\/span><\/p>\n<p class=\"has-text-align-center\" style=\"font-size: 15px;font-weight: normal;text-transform: none\"><span style=\"font-weight: bold\">\u00a0<\/span><\/p>\n<p class=\"has-text-align-center\" style=\"font-size: 15px;font-weight: normal;text-transform: none\"><span style=\"font-weight: bold\">Coque isotherme\u00a0<\/span>en polypropyl\u00e8ne expans\u00e9\u00a0<\/p>\n<p class=\"has-text-align-center\" style=\"font-size: 15px;font-weight: normal;text-transform: none\">\u00a0<\/p>\n<p class=\"has-text-align-center\" style=\"font-size: 15px;font-weight: normal;text-transform: none\">Tambour de 50 litres permettant de\u00a0<span style=\"font-weight: bold\">valoriser jusqu\u2019a 10 kg de d\u00e9chets par semaine<\/span><\/p>\n<p class=\"has-text-align-center\" style=\"font-size: 15px;font-weight: normal;text-transform: none\"><span style=\"font-weight: bold\">\u00a0<\/span><\/p>\n<p class=\"has-text-align-center\" style=\"font-size: 15px;font-weight: normal;text-transform: none\">Garantie 2 ans\u00a0<\/p>\t\t\t\t\t\t\t\t<\/div>\n\t\t\t\t<\/div>\n\t\t\t\t<div class=\"elementor-element elementor-element-ada2c5f elementor-widget elementor-widget-heading\" data-id=\"ada2c5f\" data-element_type=\"widget\" data-e-type=\"widget\" data-widget_type=\"heading.default\">\n\t\t\t\t<div class=\"elementor-widget-container\">\n\t\t\t\t\t<h2 class=\"elementor-heading-title elementor-size-medium\">Formacompost, ce sont des solutions innovantes \"Low-Tech\", sobres, durables et r\u00e9siliantes pour la valorisation des d\u00e9chets alimentaires. <\/h2>\t\t\t\t<\/div>\n\t\t\t\t<\/div>\n\t\t\t\t\t<\/div>\n\t\t<\/div>\n\t\t\t\t\t<\/div>\n\t\t<\/section>\n\t\t\t\t<section class=\"elementor-section elementor-top-section elementor-element elementor-element-7865902 elementor-section-boxed elementor-section-height-default elementor-section-height-default\" data-id=\"7865902\" data-element_type=\"section\" data-e-type=\"section\">\n\t\t\t\t\t\t<div class=\"elementor-container elementor-column-gap-default\">\n\t\t\t\t\t<div class=\"elementor-column elementor-col-100 elementor-top-column elementor-element elementor-element-57f3547\" data-id=\"57f3547\" data-element_type=\"column\" data-e-type=\"column\">\n\t\t\t<div class=\"elementor-widget-wrap elementor-element-populated\">\n\t\t\t\t\t\t<div class=\"elementor-element elementor-element-a59006b elementor-widget elementor-widget-spacer\" data-id=\"a59006b\" data-element_type=\"widget\" data-e-type=\"widget\" data-widget_type=\"spacer.default\">\n\t\t\t\t<div class=\"elementor-widget-container\">\n\t\t\t\t\t\t\t<div class=\"elementor-spacer\">\n\t\t\t<div class=\"elementor-spacer-inner\"><\/div>\n\t\t<\/div>\n\t\t\t\t\t\t<\/div>\n\t\t\t\t<\/div>\n\t\t\t\t\t<\/div>\n\t\t<\/div>\n\t\t\t\t\t<\/div>\n\t\t<\/section>\n\t\t\t\t<section class=\"elementor-section elementor-top-section elementor-element elementor-element-de20057 elementor-section-boxed elementor-section-height-default elementor-section-height-default\" data-id=\"de20057\" data-element_type=\"section\" data-e-type=\"section\" data-settings=\"{&quot;background_background&quot;:&quot;classic&quot;}\">\n\t\t\t\t\t\t<div class=\"elementor-container elementor-column-gap-default\">\n\t\t\t\t\t<div class=\"elementor-column elementor-col-100 elementor-top-column elementor-element elementor-element-a4be285\" data-id=\"a4be285\" data-element_type=\"column\" data-e-type=\"column\">\n\t\t\t<div class=\"elementor-widget-wrap elementor-element-populated\">\n\t\t\t\t\t\t<div class=\"elementor-element elementor-element-78d0f49 elementor-widget elementor-widget-image\" data-id=\"78d0f49\" data-element_type=\"widget\" data-e-type=\"widget\" data-widget_type=\"image.default\">\n\t\t\t\t<div class=\"elementor-widget-container\">\n\t\t\t\t\t\t\t\t\t\t\t\t\t\t\t<img decoding=\"async\" data-src=\"https:\/\/www.formacompost.fr\/wp-content\/uploads\/2020\/06\/Culbuto-2-sans-reservoir-trans.png\" title=\"\" alt=\"\" class=\"elementor-animation-grow lazyload\" src=\"data:image\/svg+xml;base64,PHN2ZyB3aWR0aD0iMSIgaGVpZ2h0PSIxIiB4bWxucz0iaHR0cDovL3d3dy53My5vcmcvMjAwMC9zdmciPjwvc3ZnPg==\" \/>\t\t\t\t\t\t\t\t\t\t\t\t\t\t\t<\/div>\n\t\t\t\t<\/div>\n\t\t\t\t<div class=\"elementor-element elementor-element-9cb9af0 elementor-widget elementor-widget-heading\" data-id=\"9cb9af0\" data-element_type=\"widget\" data-e-type=\"widget\" data-widget_type=\"heading.default\">\n\t\t\t\t<div class=\"elementor-widget-container\">\n\t\t\t\t\t<h2 class=\"elementor-heading-title elementor-size-default\">CULBUTO 50<\/h2>\t\t\t\t<\/div>\n\t\t\t\t<\/div>\n\t\t\t\t<div class=\"elementor-element elementor-element-b75f1d0 elementor-align-center elementor-widget elementor-widget-button\" data-id=\"b75f1d0\" data-element_type=\"widget\" data-e-type=\"widget\" data-widget_type=\"button.default\">\n\t\t\t\t<div class=\"elementor-widget-container\">\n\t\t\t\t\t\t\t\t\t<div class=\"elementor-button-wrapper\">\n\t\t\t\t\t<a class=\"elementor-button elementor-button-link elementor-size-sm elementor-animation-pulse\" href=\"https:\/\/www.formacompost.fr\/nos-solutions\/pour-les-particuliers\/\">\n\t\t\t\t\t\t<span class=\"elementor-button-content-wrapper\">\n\t\t\t\t\t\t\t\t\t<span class=\"elementor-button-text\">D\u00e9couvrir<\/span>\n\t\t\t\t\t<\/span>\n\t\t\t\t\t<\/a>\n\t\t\t\t<\/div>\n\t\t\t\t\t\t\t\t<\/div>\n\t\t\t\t<\/div>\n\t\t\t\t\t<\/div>\n\t\t<\/div>\n\t\t\t\t\t<\/div>\n\t\t<\/section>\n\t\t\t\t<\/div>\n\t\t","protected":false},"excerpt":{"rendered":"<p>https:\/\/www.youtube.com\/watch?v=pHsLOwUEh4I Formacompost vient de participer \u00e0 la\u00a0deuxi\u00e8me \u00e9dition\u00a0de\u00a0Cr\u00e9er Demain, 2 jours pour innover\u00a0(organis\u00e9e par L\u2019Agence Economique R\u00e9gionale BFC ) sur le th\u00e8me de\u00a0l\u2019innovation frugale, pour une innovation \u00e9conome en ressources\u00a0qui s\u2019est d\u00e9roul\u00e9e ce\u00a0mercredi 25 et jeudi 26 novembre 2020 en format 100% digital.\u00a0 Formacompost s\u2019inscrit pleinement dans ce contexte d\u2019innovation \u00e9conome en ressource avec sa &#8230; <a title=\"Cr\u00e9er demain\" class=\"read-more\" href=\"https:\/\/www.formacompost.fr\/espace-pro-accueil\/creer-demain\/\" aria-label=\"En savoir plus sur Cr\u00e9er demain\">Lire la suite<\/a><\/p>\n","protected":false},"author":2,"featured_media":944,"comment_status":"closed","ping_status":"closed","sticky":false,"template":"","format":"video","meta":{"_jetpack_memberships_contains_paid_content":false,"footnotes":""},"categories":[1],"tags":[],"class_list":["post-943","post","type-post","status-publish","format-video","has-post-thumbnail","hentry","category-la-vie-de-formacompost","post_format-post-format-video"],"yoast_head":"<!-- This site is optimized with the Yoast SEO plugin v27.5 - https:\/\/yoast.com\/product\/yoast-seo-wordpress\/ -->\n<title>NULL<\/title>\n<meta name=\"description\" content=\"NULL\" \/>\n<meta name=\"robots\" content=\"index, follow, max-snippet:-1, max-image-preview:large, max-video-preview:-1\" \/>\n<link rel=\"canonical\" href=\"http:\/\/NULL\" \/>\n<meta property=\"og:locale\" content=\"fr_FR\" \/>\n<meta property=\"og:type\" content=\"article\" \/>\n<meta property=\"og:title\" content=\"NULL\" \/>\n<meta property=\"og:description\" content=\"NULL\" \/>\n<meta property=\"og:url\" content=\"NULL\" \/>\n<meta property=\"og:site_name\" content=\"FORMACOMPOST\" \/>\n<meta property=\"article:published_time\" content=\"2020-12-14T13:18:47+00:00\" \/>\n<meta property=\"article:modified_time\" content=\"2021-02-01T08:26:59+00:00\" \/>\n<meta property=\"og:image\" content=\"https:\/\/www.formacompost.fr\/wp-content\/uploads\/2020\/12\/Capture-decran-2020-12-10-a-08.50.13.png\" \/>\n\t<meta property=\"og:image:width\" content=\"1652\" \/>\n\t<meta property=\"og:image:height\" content=\"1318\" \/>\n\t<meta property=\"og:image:type\" content=\"image\/png\" \/>\n<meta name=\"author\" content=\"Formacompost\" \/>\n<meta name=\"twitter:card\" content=\"summary_large_image\" \/>\n<meta name=\"twitter:title\" content=\"NULL\" \/>\n<meta name=\"twitter:description\" content=\"NULL\" \/>\n<meta name=\"twitter:label1\" content=\"\u00c9crit par\" \/>\n\t<meta name=\"twitter:data1\" content=\"Formacompost\" \/>\n<script type=\"application\/ld+json\" class=\"yoast-schema-graph\">{\"@context\":\"https:\\\/\\\/schema.org\",\"@graph\":[{\"@type\":\"Article\",\"@id\":\"NULL#article\",\"isPartOf\":{\"@id\":\"https:\\\/\\\/www.formacompost.fr\\\/espace-pro-accueil\\\/creer-demain\\\/\"},\"author\":{\"name\":\"Formacompost\",\"@id\":\"https:\\\/\\\/www.formacompost.fr\\\/espace-pro-accueil\\\/#\\\/schema\\\/person\\\/73a9ac96fffa7221d01db02cc9213af3\"},\"headline\":\"Cr\u00e9er demain\",\"datePublished\":\"2020-12-14T13:18:47+00:00\",\"dateModified\":\"2021-02-01T08:26:59+00:00\",\"mainEntityOfPage\":{\"@id\":\"https:\\\/\\\/www.formacompost.fr\\\/espace-pro-accueil\\\/creer-demain\\\/\"},\"wordCount\":271,\"publisher\":{\"@id\":\"https:\\\/\\\/www.formacompost.fr\\\/espace-pro-accueil\\\/#organization\"},\"image\":{\"@id\":\"NULL#primaryimage\"},\"thumbnailUrl\":\"https:\\\/\\\/www.formacompost.fr\\\/wp-content\\\/uploads\\\/2020\\\/12\\\/Capture-decran-2020-12-10-a-08.50.13.png\",\"articleSection\":[\"La vie de Formacompost\"],\"inLanguage\":\"fr-FR\"},{\"@type\":[\"WebPage\",\"NULL\"],\"@id\":\"https:\\\/\\\/www.formacompost.fr\\\/espace-pro-accueil\\\/creer-demain\\\/\",\"url\":\"NULL\",\"name\":\"NULL\",\"isPartOf\":{\"@id\":\"https:\\\/\\\/www.formacompost.fr\\\/espace-pro-accueil\\\/#website\"},\"primaryImageOfPage\":{\"@id\":\"NULL#primaryimage\"},\"image\":{\"@id\":\"NULL#primaryimage\"},\"thumbnailUrl\":\"https:\\\/\\\/www.formacompost.fr\\\/wp-content\\\/uploads\\\/2020\\\/12\\\/Capture-decran-2020-12-10-a-08.50.13.png\",\"datePublished\":\"2020-12-14T13:18:47+00:00\",\"dateModified\":\"2021-02-01T08:26:59+00:00\",\"description\":\"NULL\",\"breadcrumb\":{\"@id\":\"NULL#breadcrumb\"},\"inLanguage\":\"fr-FR\",\"potentialAction\":[{\"@type\":\"ReadAction\",\"target\":[\"NULL\"]}]},{\"@type\":\"ImageObject\",\"inLanguage\":\"fr-FR\",\"@id\":\"NULL#primaryimage\",\"url\":\"https:\\\/\\\/www.formacompost.fr\\\/wp-content\\\/uploads\\\/2020\\\/12\\\/Capture-decran-2020-12-10-a-08.50.13.png\",\"contentUrl\":\"https:\\\/\\\/www.formacompost.fr\\\/wp-content\\\/uploads\\\/2020\\\/12\\\/Capture-decran-2020-12-10-a-08.50.13.png\",\"width\":1652,\"height\":1318},{\"@type\":\"BreadcrumbList\",\"@id\":\"NULL#breadcrumb\",\"itemListElement\":[{\"@type\":\"ListItem\",\"position\":1,\"name\":\"Accueil\",\"item\":\"https:\\\/\\\/www.formacompost.fr\\\/espace-pro-accueil\\\/\"},{\"@type\":\"ListItem\",\"position\":2,\"name\":\"Cr\u00e9er demain\"}]},{\"@type\":\"WebSite\",\"@id\":\"https:\\\/\\\/www.formacompost.fr\\\/espace-pro-accueil\\\/#website\",\"url\":\"https:\\\/\\\/www.formacompost.fr\\\/espace-pro-accueil\\\/\",\"name\":\"FORMACOMPOST\",\"description\":\"Notre m\u00e9tier, la pr\u00e9vention des d\u00e9chets. L&#039;innovation notre motivation\",\"publisher\":{\"@id\":\"https:\\\/\\\/www.formacompost.fr\\\/espace-pro-accueil\\\/#organization\"},\"potentialAction\":[{\"@type\":\"SearchAction\",\"target\":{\"@type\":\"EntryPoint\",\"urlTemplate\":\"https:\\\/\\\/www.formacompost.fr\\\/espace-pro-accueil\\\/?s={search_term_string}\"},\"query-input\":{\"@type\":\"PropertyValueSpecification\",\"valueRequired\":true,\"valueName\":\"search_term_string\"}}],\"inLanguage\":\"fr-FR\"},{\"@type\":\"Organization\",\"@id\":\"https:\\\/\\\/www.formacompost.fr\\\/espace-pro-accueil\\\/#organization\",\"name\":\"Formacompost\",\"url\":\"https:\\\/\\\/www.formacompost.fr\\\/espace-pro-accueil\\\/\",\"logo\":{\"@type\":\"ImageObject\",\"inLanguage\":\"fr-FR\",\"@id\":\"https:\\\/\\\/www.formacompost.fr\\\/espace-pro-accueil\\\/#\\\/schema\\\/logo\\\/image\\\/\",\"url\":\"https:\\\/\\\/www.formacompost.fr\\\/wp-content\\\/uploads\\\/2020\\\/03\\\/logo.png\",\"contentUrl\":\"https:\\\/\\\/www.formacompost.fr\\\/wp-content\\\/uploads\\\/2020\\\/03\\\/logo.png\",\"width\":431,\"height\":154,\"caption\":\"Formacompost\"},\"image\":{\"@id\":\"https:\\\/\\\/www.formacompost.fr\\\/espace-pro-accueil\\\/#\\\/schema\\\/logo\\\/image\\\/\"}},{\"@type\":\"Person\",\"@id\":\"https:\\\/\\\/www.formacompost.fr\\\/espace-pro-accueil\\\/#\\\/schema\\\/person\\\/73a9ac96fffa7221d01db02cc9213af3\",\"name\":\"Formacompost\",\"image\":{\"@type\":\"ImageObject\",\"inLanguage\":\"fr-FR\",\"@id\":\"https:\\\/\\\/secure.gravatar.com\\\/avatar\\\/5fe7b001c00922d824cf6e4599ce4f1c74ab2625010ae661417858b1ac5f17b5?s=96&d=mm&r=g\",\"url\":\"https:\\\/\\\/secure.gravatar.com\\\/avatar\\\/5fe7b001c00922d824cf6e4599ce4f1c74ab2625010ae661417858b1ac5f17b5?s=96&d=mm&r=g\",\"contentUrl\":\"https:\\\/\\\/secure.gravatar.com\\\/avatar\\\/5fe7b001c00922d824cf6e4599ce4f1c74ab2625010ae661417858b1ac5f17b5?s=96&d=mm&r=g\",\"caption\":\"Formacompost\"},\"url\":\"https:\\\/\\\/www.formacompost.fr\\\/espace-pro-accueil\\\/author\\\/christophe\\\/\"}]}<\/script>\n<!-- \/ Yoast SEO plugin. -->","yoast_head_json":{"title":"NULL","description":"NULL","robots":{"index":"index","follow":"follow","max-snippet":"max-snippet:-1","max-image-preview":"max-image-preview:large","max-video-preview":"max-video-preview:-1"},"canonical":"NULL","og_locale":"fr_FR","og_type":"article","og_title":"NULL","og_description":"NULL","og_url":"NULL","og_site_name":"FORMACOMPOST","article_published_time":"2020-12-14T13:18:47+00:00","article_modified_time":"2021-02-01T08:26:59+00:00","og_image":[{"width":1652,"height":1318,"url":"https:\/\/www.formacompost.fr\/wp-content\/uploads\/2020\/12\/Capture-decran-2020-12-10-a-08.50.13.png","type":"image\/png"}],"author":"Formacompost","twitter_card":"summary_large_image","twitter_title":"NULL","twitter_description":"NULL","twitter_misc":{"\u00c9crit par":"Formacompost"},"schema":{"@context":"https:\/\/schema.org","@graph":[{"@type":"Article","@id":"NULL#article","isPartOf":{"@id":"https:\/\/www.formacompost.fr\/espace-pro-accueil\/creer-demain\/"},"author":{"name":"Formacompost","@id":"https:\/\/www.formacompost.fr\/espace-pro-accueil\/#\/schema\/person\/73a9ac96fffa7221d01db02cc9213af3"},"headline":"Cr\u00e9er demain","datePublished":"2020-12-14T13:18:47+00:00","dateModified":"2021-02-01T08:26:59+00:00","mainEntityOfPage":{"@id":"https:\/\/www.formacompost.fr\/espace-pro-accueil\/creer-demain\/"},"wordCount":271,"publisher":{"@id":"https:\/\/www.formacompost.fr\/espace-pro-accueil\/#organization"},"image":{"@id":"NULL#primaryimage"},"thumbnailUrl":"https:\/\/www.formacompost.fr\/wp-content\/uploads\/2020\/12\/Capture-decran-2020-12-10-a-08.50.13.png","articleSection":["La vie de Formacompost"],"inLanguage":"fr-FR"},{"@type":["WebPage","NULL"],"@id":"https:\/\/www.formacompost.fr\/espace-pro-accueil\/creer-demain\/","url":"NULL","name":"NULL","isPartOf":{"@id":"https:\/\/www.formacompost.fr\/espace-pro-accueil\/#website"},"primaryImageOfPage":{"@id":"NULL#primaryimage"},"image":{"@id":"NULL#primaryimage"},"thumbnailUrl":"https:\/\/www.formacompost.fr\/wp-content\/uploads\/2020\/12\/Capture-decran-2020-12-10-a-08.50.13.png","datePublished":"2020-12-14T13:18:47+00:00","dateModified":"2021-02-01T08:26:59+00:00","description":"NULL","breadcrumb":{"@id":"NULL#breadcrumb"},"inLanguage":"fr-FR","potentialAction":[{"@type":"ReadAction","target":["NULL"]}]},{"@type":"ImageObject","inLanguage":"fr-FR","@id":"NULL#primaryimage","url":"https:\/\/www.formacompost.fr\/wp-content\/uploads\/2020\/12\/Capture-decran-2020-12-10-a-08.50.13.png","contentUrl":"https:\/\/www.formacompost.fr\/wp-content\/uploads\/2020\/12\/Capture-decran-2020-12-10-a-08.50.13.png","width":1652,"height":1318},{"@type":"BreadcrumbList","@id":"NULL#breadcrumb","itemListElement":[{"@type":"ListItem","position":1,"name":"Accueil","item":"https:\/\/www.formacompost.fr\/espace-pro-accueil\/"},{"@type":"ListItem","position":2,"name":"Cr\u00e9er demain"}]},{"@type":"WebSite","@id":"https:\/\/www.formacompost.fr\/espace-pro-accueil\/#website","url":"https:\/\/www.formacompost.fr\/espace-pro-accueil\/","name":"FORMACOMPOST","description":"Notre m\u00e9tier, la pr\u00e9vention des d\u00e9chets. L&#039;innovation notre motivation","publisher":{"@id":"https:\/\/www.formacompost.fr\/espace-pro-accueil\/#organization"},"potentialAction":[{"@type":"SearchAction","target":{"@type":"EntryPoint","urlTemplate":"https:\/\/www.formacompost.fr\/espace-pro-accueil\/?s={search_term_string}"},"query-input":{"@type":"PropertyValueSpecification","valueRequired":true,"valueName":"search_term_string"}}],"inLanguage":"fr-FR"},{"@type":"Organization","@id":"https:\/\/www.formacompost.fr\/espace-pro-accueil\/#organization","name":"Formacompost","url":"https:\/\/www.formacompost.fr\/espace-pro-accueil\/","logo":{"@type":"ImageObject","inLanguage":"fr-FR","@id":"https:\/\/www.formacompost.fr\/espace-pro-accueil\/#\/schema\/logo\/image\/","url":"https:\/\/www.formacompost.fr\/wp-content\/uploads\/2020\/03\/logo.png","contentUrl":"https:\/\/www.formacompost.fr\/wp-content\/uploads\/2020\/03\/logo.png","width":431,"height":154,"caption":"Formacompost"},"image":{"@id":"https:\/\/www.formacompost.fr\/espace-pro-accueil\/#\/schema\/logo\/image\/"}},{"@type":"Person","@id":"https:\/\/www.formacompost.fr\/espace-pro-accueil\/#\/schema\/person\/73a9ac96fffa7221d01db02cc9213af3","name":"Formacompost","image":{"@type":"ImageObject","inLanguage":"fr-FR","@id":"https:\/\/secure.gravatar.com\/avatar\/5fe7b001c00922d824cf6e4599ce4f1c74ab2625010ae661417858b1ac5f17b5?s=96&d=mm&r=g","url":"https:\/\/secure.gravatar.com\/avatar\/5fe7b001c00922d824cf6e4599ce4f1c74ab2625010ae661417858b1ac5f17b5?s=96&d=mm&r=g","contentUrl":"https:\/\/secure.gravatar.com\/avatar\/5fe7b001c00922d824cf6e4599ce4f1c74ab2625010ae661417858b1ac5f17b5?s=96&d=mm&r=g","caption":"Formacompost"},"url":"https:\/\/www.formacompost.fr\/espace-pro-accueil\/author\/christophe\/"}]}},"jetpack_featured_media_url":"https:\/\/www.formacompost.fr\/wp-content\/uploads\/2020\/12\/Capture-decran-2020-12-10-a-08.50.13.png","jetpack_sharing_enabled":true,"_links":{"self":[{"href":"https:\/\/www.formacompost.fr\/espace-pro-accueil\/wp-json\/wp\/v2\/posts\/943","targetHints":{"allow":["GET"]}}],"collection":[{"href":"https:\/\/www.formacompost.fr\/espace-pro-accueil\/wp-json\/wp\/v2\/posts"}],"about":[{"href":"https:\/\/www.formacompost.fr\/espace-pro-accueil\/wp-json\/wp\/v2\/types\/post"}],"author":[{"embeddable":true,"href":"https:\/\/www.formacompost.fr\/espace-pro-accueil\/wp-json\/wp\/v2\/users\/2"}],"replies":[{"embeddable":true,"href":"https:\/\/www.formacompost.fr\/espace-pro-accueil\/wp-json\/wp\/v2\/comments?post=943"}],"version-history":[{"count":10,"href":"https:\/\/www.formacompost.fr\/espace-pro-accueil\/wp-json\/wp\/v2\/posts\/943\/revisions"}],"predecessor-version":[{"id":1034,"href":"https:\/\/www.formacompost.fr\/espace-pro-accueil\/wp-json\/wp\/v2\/posts\/943\/revisions\/1034"}],"wp:featuredmedia":[{"embeddable":true,"href":"https:\/\/www.formacompost.fr\/espace-pro-accueil\/wp-json\/wp\/v2\/media\/944"}],"wp:attachment":[{"href":"https:\/\/www.formacompost.fr\/espace-pro-accueil\/wp-json\/wp\/v2\/media?parent=943"}],"wp:term":[{"taxonomy":"category","embeddable":true,"href":"https:\/\/www.formacompost.fr\/espace-pro-accueil\/wp-json\/wp\/v2\/categories?post=943"},{"taxonomy":"post_tag","embeddable":true,"href":"https:\/\/www.formacompost.fr\/espace-pro-accueil\/wp-json\/wp\/v2\/tags?post=943"}],"curies":[{"name":"wp","href":"https:\/\/api.w.org\/{rel}","templated":true}]}}