{"id":9049,"date":"2022-10-20T15:47:28","date_gmt":"2022-10-20T13:47:28","guid":{"rendered":"https:\/\/www.formacompost.fr\/le-premier-janvier-2024-cest-demain\/"},"modified":"2022-12-01T16:49:07","modified_gmt":"2022-12-01T15:49:07","slug":"le-premier-janvier-2024-cest-demain","status":"publish","type":"post","link":"https:\/\/www.formacompost.fr\/espace-pro-accueil\/le-premier-janvier-2024-cest-demain\/","title":{"rendered":"&#8230; ET EN 2024 C&rsquo;EST POUR TOUS !"},"content":{"rendered":"\t\t<div data-elementor-type=\"wp-post\" data-elementor-id=\"9049\" class=\"elementor elementor-9049\" data-elementor-post-type=\"post\">\n\t\t\t\t\t\t<section class=\"elementor-section elementor-top-section elementor-element elementor-element-c5b8e20 elementor-section-boxed elementor-section-height-default elementor-section-height-default\" data-id=\"c5b8e20\" data-element_type=\"section\" data-e-type=\"section\">\n\t\t\t\t\t\t<div class=\"elementor-container elementor-column-gap-default\">\n\t\t\t\t\t<div class=\"elementor-column elementor-col-100 elementor-top-column elementor-element elementor-element-8a07ef5\" data-id=\"8a07ef5\" data-element_type=\"column\" data-e-type=\"column\">\n\t\t\t<div class=\"elementor-widget-wrap elementor-element-populated\">\n\t\t\t\t\t\t<div class=\"elementor-element elementor-element-78222e3 elementor-widget elementor-widget-text-editor\" data-id=\"78222e3\" data-element_type=\"widget\" data-e-type=\"widget\" data-widget_type=\"text-editor.default\">\n\t\t\t\t<div class=\"elementor-widget-container\">\n\t\t\t\t\t\t\t\t\t<p><span class=\"Aucun\"><b>\u00c0 compter du 1<sup>er<\/sup>\u00a0janvier 2024, tous les particuliers seront tenus de trier leurs d\u00e9chets alimentaires dans une poubelle d\u00e9di\u00e9e ou dans un point d<\/b><\/span><span class=\"Aucun\"><b><span dir=\"RTL\" lang=\"AR-SA\">\u2019<\/span><\/b><\/span><span class=\"Aucun\"><b>apport volontaire.<\/b><\/span><\/p>\t\t\t\t\t\t\t\t<\/div>\n\t\t\t\t<\/div>\n\t\t\t\t<div class=\"elementor-element elementor-element-2de7d1b elementor-widget elementor-widget-spacer\" data-id=\"2de7d1b\" data-element_type=\"widget\" data-e-type=\"widget\" data-widget_type=\"spacer.default\">\n\t\t\t\t<div class=\"elementor-widget-container\">\n\t\t\t\t\t\t\t<div class=\"elementor-spacer\">\n\t\t\t<div class=\"elementor-spacer-inner\"><\/div>\n\t\t<\/div>\n\t\t\t\t\t\t<\/div>\n\t\t\t\t<\/div>\n\t\t\t\t<div class=\"elementor-element elementor-element-c420cd7 elementor-widget elementor-widget-text-editor\" data-id=\"c420cd7\" data-element_type=\"widget\" data-e-type=\"widget\" data-widget_type=\"text-editor.default\">\n\t\t\t\t<div class=\"elementor-widget-container\">\n\t\t\t\t\t\t\t\t\t<div><p class=\"Pardfaut\"><span class=\"Aucun\">Dans un peu plus d<\/span><span class=\"Aucun\"><span dir=\"RTL\" lang=\"AR-SA\">\u2019<\/span><\/span><span class=\"Aucun\">une ann\u00e9e, les restes alimentaires des m\u00e9nages ne seront plus admis avec les ordures m\u00e9nag\u00e8res. En effet, \u00e0 partir du 1<sup>er<\/sup>\u00a0janvier 2024, le tri des biod\u00e9<\/span><span class=\"Aucun\"><span lang=\"NL\">chets <\/span><\/span><span class=\"Aucun\">(compostables) \u00e0 la source devient obligatoire, ils repr\u00e9sentent 30\u00a0% du contenu de la poubelle des Fran\u00e7<\/span><span class=\"Aucun\"><span lang=\"PT\">ais.<\/span><\/span><\/p><\/div><div><p class=\"Pardfaut\"><span class=\"Aucun\">Par ailleurs, le tri devant s<\/span><span class=\"Aucun\"><span dir=\"RTL\" lang=\"AR-SA\">\u2019<\/span><\/span><span class=\"Aucun\">effectuer \u00e0 la source, (chez les particuliers), l<\/span><span class=\"Aucun\"><span dir=\"RTL\" lang=\"AR-SA\">\u2019<\/span><\/span><span class=\"Aucun\">ensemble des d\u00e9chets de cuisine (\u00e9pluchures de fruits et l\u00e9gumes, marc de caf\u00e9, pain rassis, et restes de repas) devront \u00eatre s\u00e9par\u00e9s des Ordures M\u00e9nag\u00e8res R\u00e9siduelles.<\/span><\/p><\/div><div><p class=\"Pardfaut\"><span class=\"Aucun\">\u00a0<\/span><\/p><\/div><div><p class=\"Pardfaut\"><span class=\"Aucun\">Les collectivit\u00e9s territoriales ont en charge la mise en \u0153uvre de cette mesure. Elles devront \u00e9tudier et identifier les solutions les plus pertinentes\u00a0: composteurs individuels ou collectifs (pour les immeubles ou quartiers),points d\u2019apports volontaires (PAV comme pour le verre) ou une collecte en porte \u00e0 porte, s\u00e9par\u00e9e des biod\u00e9<\/span><span class=\"Aucun\"><span lang=\"NL\">chets,<\/span><\/span><span class=\"Aucun\"> (Ce qui co\u00fbte le plus cher \u00e0 la collectivit\u00e9 )<\/span><\/p><\/div>\t\t\t\t\t\t\t\t<\/div>\n\t\t\t\t<\/div>\n\t\t\t\t<div class=\"elementor-element elementor-element-1dbf034 elementor-widget elementor-widget-spacer\" data-id=\"1dbf034\" data-element_type=\"widget\" data-e-type=\"widget\" data-widget_type=\"spacer.default\">\n\t\t\t\t<div class=\"elementor-widget-container\">\n\t\t\t\t\t\t\t<div class=\"elementor-spacer\">\n\t\t\t<div class=\"elementor-spacer-inner\"><\/div>\n\t\t<\/div>\n\t\t\t\t\t\t<\/div>\n\t\t\t\t<\/div>\n\t\t\t\t\t<\/div>\n\t\t<\/div>\n\t\t\t\t\t<\/div>\n\t\t<\/section>\n\t\t\t\t<section class=\"elementor-section elementor-top-section elementor-element elementor-element-605bd78 elementor-section-boxed elementor-section-height-default elementor-section-height-default\" data-id=\"605bd78\" data-element_type=\"section\" data-e-type=\"section\">\n\t\t\t\t\t\t<div class=\"elementor-container elementor-column-gap-default\">\n\t\t\t\t\t<div class=\"elementor-column elementor-col-50 elementor-top-column elementor-element elementor-element-ce4f267\" data-id=\"ce4f267\" data-element_type=\"column\" data-e-type=\"column\">\n\t\t\t<div class=\"elementor-widget-wrap elementor-element-populated\">\n\t\t\t\t\t\t<div class=\"elementor-element elementor-element-b6574ef elementor-widget elementor-widget-image\" data-id=\"b6574ef\" data-element_type=\"widget\" data-e-type=\"widget\" data-widget_type=\"image.default\">\n\t\t\t\t<div class=\"elementor-widget-container\">\n\t\t\t\t\t\t\t\t\t\t\t\t\t\t\t<img fetchpriority=\"high\" decoding=\"async\" width=\"300\" height=\"300\" src=\"https:\/\/www.formacompost.fr\/wp-content\/uploads\/2022\/10\/14-300x300.jpg\" class=\"attachment-medium size-medium wp-image-8992\" alt=\"\" srcset=\"https:\/\/www.formacompost.fr\/wp-content\/uploads\/2022\/10\/14-300x300.jpg 300w, https:\/\/www.formacompost.fr\/wp-content\/uploads\/2022\/10\/14-1024x1024.jpg 1024w, https:\/\/www.formacompost.fr\/wp-content\/uploads\/2022\/10\/14-150x150.jpg 150w, https:\/\/www.formacompost.fr\/wp-content\/uploads\/2022\/10\/14-768x768.jpg 768w, https:\/\/www.formacompost.fr\/wp-content\/uploads\/2022\/10\/14-600x600.jpg 600w, https:\/\/www.formacompost.fr\/wp-content\/uploads\/2022\/10\/14-100x100.jpg 100w, https:\/\/www.formacompost.fr\/wp-content\/uploads\/2022\/10\/14.jpg 1500w\" sizes=\"(max-width: 300px) 100vw, 300px\" \/>\t\t\t\t\t\t\t\t\t\t\t\t\t\t\t<\/div>\n\t\t\t\t<\/div>\n\t\t\t\t\t<\/div>\n\t\t<\/div>\n\t\t\t\t<div class=\"elementor-column elementor-col-50 elementor-top-column elementor-element elementor-element-8f92624\" data-id=\"8f92624\" data-element_type=\"column\" data-e-type=\"column\">\n\t\t\t<div class=\"elementor-widget-wrap elementor-element-populated\">\n\t\t\t\t\t\t<div class=\"elementor-element elementor-element-cef14e4 elementor-widget elementor-widget-text-editor\" data-id=\"cef14e4\" data-element_type=\"widget\" data-e-type=\"widget\" data-widget_type=\"text-editor.default\">\n\t\t\t\t<div class=\"elementor-widget-container\">\n\t\t\t\t\t\t\t\t\t<div><p class=\"Pardfaut\"><span class=\"Aucun\"><b>VALORISER PLUT\u00d4<\/b><\/span><span class=\"Aucun\"><b><span lang=\"ES-TRAD\">T QU<\/span><\/b><\/span><span class=\"Aucun\"><b><span dir=\"RTL\" lang=\"AR-SA\">\u2019<\/span><\/b><\/span><span class=\"Aucun\"><b>INCIN\u00c9RER<\/b><\/span><b><\/b><\/p><\/div>\t\t\t\t\t\t\t\t<\/div>\n\t\t\t\t<\/div>\n\t\t\t\t<div class=\"elementor-element elementor-element-8b30f35 elementor-widget elementor-widget-text-editor\" data-id=\"8b30f35\" data-element_type=\"widget\" data-e-type=\"widget\" data-widget_type=\"text-editor.default\">\n\t\t\t\t<div class=\"elementor-widget-container\">\n\t\t\t\t\t\t\t\t\t<p><span class=\"Aucun\">Tout l<\/span><span class=\"Aucun\"><span dir=\"RTL\" lang=\"AR-SA\">\u2019<\/span><\/span><span class=\"Aucun\">enjeu de cette obligation, issue de la loi du 10\u00a0f\u00e9vrier 2020 contre le gaspillage et pour l\u2019\u00e9conomie circulaire, (Loi AGEC) <\/span><span class=\"Aucun\"><span lang=\"PT\">consiste <\/span><\/span><span class=\"Aucun\">\u00e0 valoriser cette mati<\/span><span class=\"Aucun\"><span lang=\"IT\">\u00e8<\/span><\/span><span class=\"Aucun\">re vivante et de cesser d<\/span><span class=\"Aucun\"><span dir=\"RTL\" lang=\"AR-SA\">\u2019<\/span><\/span><span class=\"Aucun\"><span lang=\"PT\">enfouir ou d<\/span><\/span><span class=\"Aucun\"><span dir=\"RTL\" lang=\"AR-SA\">\u2019<\/span><\/span><span class=\"Aucun\">incin\u00e9rer ces d\u00e9chets afin de r\u00e9duire la production de gaz \u00e0 effet de serre.<\/span><\/p><p>\u00a0<\/p><p><span class=\"Aucun\">\u00c0 l\u2019\u00e9chelle domestique, elle peut \u00eatre transform\u00e9e en terreau ou en compost utilisable pour le jardinage gr\u00e2ce \u00e0 <\/span><span class=\"Aucun\"><span lang=\"IT\">un composteur.<\/span><\/span><\/p>\t\t\t\t\t\t\t\t<\/div>\n\t\t\t\t<\/div>\n\t\t\t\t\t<\/div>\n\t\t<\/div>\n\t\t\t\t\t<\/div>\n\t\t<\/section>\n\t\t\t\t<section class=\"elementor-section elementor-top-section elementor-element elementor-element-b3c7e83 elementor-section-boxed elementor-section-height-default elementor-section-height-default\" data-id=\"b3c7e83\" data-element_type=\"section\" data-e-type=\"section\">\n\t\t\t\t\t\t<div class=\"elementor-container elementor-column-gap-default\">\n\t\t\t\t\t<div class=\"elementor-column elementor-col-100 elementor-top-column elementor-element elementor-element-3d7599d\" data-id=\"3d7599d\" data-element_type=\"column\" data-e-type=\"column\">\n\t\t\t<div class=\"elementor-widget-wrap elementor-element-populated\">\n\t\t\t\t\t\t<div class=\"elementor-element elementor-element-6d5deec elementor-widget elementor-widget-text-editor\" data-id=\"6d5deec\" data-element_type=\"widget\" data-e-type=\"widget\" data-widget_type=\"text-editor.default\">\n\t\t\t\t<div class=\"elementor-widget-container\">\n\t\t\t\t\t\t\t\t\t<div><p class=\"Pardfaut\">\u00a0<\/p><\/div><div><p class=\"Pardfaut\"><span class=\"Aucun\">\u00a0<\/span><span class=\"Aucun\">Dans la trajectoire de la loi AGEC, l<\/span><span class=\"Aucun\"><span dir=\"RTL\" lang=\"AR-SA\">\u2019<\/span><\/span><span class=\"Aucun\">ordonnance du 29 juillet 2020 a permis d<\/span><span class=\"Aucun\"><span dir=\"RTL\" lang=\"AR-SA\">\u2019<\/span><\/span><span class=\"Aucun\">inscrire dans le droit fran\u00e7ais de nouveaux objectifs ambitieux de valorisation des d\u00e9<\/span><span class=\"Aucun\"><span lang=\"NL\">chets m<\/span><\/span><span class=\"Aucun\">\u00e9nagers et <\/span><span class=\"Aucun\"><span lang=\"IT\">assimil<\/span><\/span><span class=\"Aucun\">\u00e9s, afin d<\/span><span class=\"Aucun\"><span dir=\"RTL\" lang=\"AR-SA\">\u2019<\/span><\/span><span class=\"Aucun\">atteindre 65 % de d\u00e9chets r\u00e9utilis\u00e9s ou recycl\u00e9s en 2035. L<\/span><span class=\"Aucun\"><span dir=\"RTL\" lang=\"AR-SA\">\u2019<\/span><\/span><span class=\"Aucun\">ordonnance pr\u00e9voit \u00e9galement diverses mesures pour acc\u00e9l\u00e9rer la valorisation de ces d\u00e9chets, dont la g\u00e9n\u00e9ralisation<\/span><\/p><\/div><div><p class=\"Pardfaut\"><span class=\"Aucun\">de leur tri et leur valorisation au moyen d<\/span><span class=\"Aucun\"><span dir=\"RTL\" lang=\"AR-SA\">\u2019<\/span><\/span><span class=\"Aucun\">un compostage domestique ou partag\u00e9, ou d<\/span><span class=\"Aucun\"><span dir=\"RTL\" lang=\"AR-SA\">\u2019<\/span><\/span><span class=\"Aucun\">une collecte s\u00e9par\u00e9<\/span><span class=\"Aucun\"><span lang=\"IT\">e.<\/span><\/span><\/p><\/div>\t\t\t\t\t\t\t\t<\/div>\n\t\t\t\t<\/div>\n\t\t\t\t\t<\/div>\n\t\t<\/div>\n\t\t\t\t\t<\/div>\n\t\t<\/section>\n\t\t\t\t<\/div>\n\t\t","protected":false},"excerpt":{"rendered":"<p>\u00c0 compter du 1er janvier 2024, tous les particuliers seront tenus de trier leurs d\u00e9chets alimentaires dans une poubelle d\u00e9di\u00e9e ou dans un point d\u2019apport volontaire.<\/p>\n","protected":false},"author":2,"featured_media":9055,"comment_status":"closed","ping_status":"closed","sticky":false,"template":"","format":"standard","meta":{"_jetpack_memberships_contains_paid_content":false,"footnotes":""},"categories":[7],"tags":[],"class_list":["post-9049","post","type-post","status-publish","format-standard","has-post-thumbnail","hentry","category-la-valorisation-des-dechets"],"yoast_head":"<!-- This site is optimized with the Yoast SEO plugin v27.5 - https:\/\/yoast.com\/product\/yoast-seo-wordpress\/ -->\n<title>NULL<\/title>\n<meta name=\"description\" content=\"NULL\" \/>\n<meta name=\"robots\" content=\"index, follow, max-snippet:-1, max-image-preview:large, max-video-preview:-1\" \/>\n<link rel=\"canonical\" href=\"http:\/\/NULL\" \/>\n<meta property=\"og:locale\" content=\"fr_FR\" \/>\n<meta property=\"og:type\" content=\"article\" \/>\n<meta property=\"og:title\" content=\"NULL\" \/>\n<meta property=\"og:description\" content=\"NULL\" \/>\n<meta property=\"og:url\" content=\"NULL\" \/>\n<meta property=\"og:site_name\" content=\"FORMACOMPOST\" \/>\n<meta property=\"article:published_time\" content=\"2022-10-20T13:47:28+00:00\" \/>\n<meta property=\"article:modified_time\" content=\"2022-12-01T15:49:07+00:00\" \/>\n<meta property=\"og:image\" content=\"https:\/\/www.formacompost.fr\/wp-content\/uploads\/2022\/10\/de\u0301chets-organiques-scaled.jpeg\" \/>\n\t<meta property=\"og:image:width\" content=\"2560\" \/>\n\t<meta property=\"og:image:height\" content=\"1707\" \/>\n\t<meta property=\"og:image:type\" content=\"image\/jpeg\" \/>\n<meta name=\"author\" content=\"Formacompost\" \/>\n<meta name=\"twitter:card\" content=\"summary_large_image\" \/>\n<meta name=\"twitter:title\" content=\"NULL\" \/>\n<meta name=\"twitter:description\" content=\"NULL\" \/>\n<meta name=\"twitter:label1\" content=\"\u00c9crit par\" \/>\n\t<meta name=\"twitter:data1\" content=\"Formacompost\" \/>\n\t<meta name=\"twitter:label2\" content=\"Dur\u00e9e de lecture estim\u00e9e\" \/>\n\t<meta name=\"twitter:data2\" content=\"2 minutes\" \/>\n<script type=\"application\/ld+json\" class=\"yoast-schema-graph\">{\"@context\":\"https:\\\/\\\/schema.org\",\"@graph\":[{\"@type\":\"Article\",\"@id\":\"NULL#article\",\"isPartOf\":{\"@id\":\"https:\\\/\\\/www.formacompost.fr\\\/espace-pro-accueil\\\/le-premier-janvier-2024-cest-demain\\\/\"},\"author\":{\"name\":\"Formacompost\",\"@id\":\"https:\\\/\\\/www.formacompost.fr\\\/espace-pro-accueil\\\/#\\\/schema\\\/person\\\/73a9ac96fffa7221d01db02cc9213af3\"},\"headline\":\"&#8230; ET EN 2024 C&rsquo;EST POUR TOUS !\",\"datePublished\":\"2022-10-20T13:47:28+00:00\",\"dateModified\":\"2022-12-01T15:49:07+00:00\",\"mainEntityOfPage\":{\"@id\":\"https:\\\/\\\/www.formacompost.fr\\\/espace-pro-accueil\\\/le-premier-janvier-2024-cest-demain\\\/\"},\"wordCount\":362,\"publisher\":{\"@id\":\"https:\\\/\\\/www.formacompost.fr\\\/espace-pro-accueil\\\/#organization\"},\"image\":{\"@id\":\"NULL#primaryimage\"},\"thumbnailUrl\":\"https:\\\/\\\/www.formacompost.fr\\\/wp-content\\\/uploads\\\/2022\\\/10\\\/de\u0301chets-organiques-scaled.jpeg\",\"articleSection\":[\"La valorisation des d\u00e9chets\"],\"inLanguage\":\"fr-FR\"},{\"@type\":[\"WebPage\",\"NULL\"],\"@id\":\"https:\\\/\\\/www.formacompost.fr\\\/espace-pro-accueil\\\/le-premier-janvier-2024-cest-demain\\\/\",\"url\":\"NULL\",\"name\":\"NULL\",\"isPartOf\":{\"@id\":\"https:\\\/\\\/www.formacompost.fr\\\/espace-pro-accueil\\\/#website\"},\"primaryImageOfPage\":{\"@id\":\"NULL#primaryimage\"},\"image\":{\"@id\":\"NULL#primaryimage\"},\"thumbnailUrl\":\"https:\\\/\\\/www.formacompost.fr\\\/wp-content\\\/uploads\\\/2022\\\/10\\\/de\u0301chets-organiques-scaled.jpeg\",\"datePublished\":\"2022-10-20T13:47:28+00:00\",\"dateModified\":\"2022-12-01T15:49:07+00:00\",\"description\":\"NULL\",\"breadcrumb\":{\"@id\":\"NULL#breadcrumb\"},\"inLanguage\":\"fr-FR\",\"potentialAction\":[{\"@type\":\"ReadAction\",\"target\":[\"NULL\"]}]},{\"@type\":\"ImageObject\",\"inLanguage\":\"fr-FR\",\"@id\":\"NULL#primaryimage\",\"url\":\"https:\\\/\\\/www.formacompost.fr\\\/wp-content\\\/uploads\\\/2022\\\/10\\\/de\u0301chets-organiques-scaled.jpeg\",\"contentUrl\":\"https:\\\/\\\/www.formacompost.fr\\\/wp-content\\\/uploads\\\/2022\\\/10\\\/de\u0301chets-organiques-scaled.jpeg\",\"width\":2560,\"height\":1707,\"caption\":\"Pile of organic waste for composting as background, closeup\"},{\"@type\":\"BreadcrumbList\",\"@id\":\"NULL#breadcrumb\",\"itemListElement\":[{\"@type\":\"ListItem\",\"position\":1,\"name\":\"Accueil\",\"item\":\"https:\\\/\\\/www.formacompost.fr\\\/espace-pro-accueil\\\/\"},{\"@type\":\"ListItem\",\"position\":2,\"name\":\"&#8230; ET EN 2024 C&rsquo;EST POUR TOUS !\"}]},{\"@type\":\"WebSite\",\"@id\":\"https:\\\/\\\/www.formacompost.fr\\\/espace-pro-accueil\\\/#website\",\"url\":\"https:\\\/\\\/www.formacompost.fr\\\/espace-pro-accueil\\\/\",\"name\":\"FORMACOMPOST\",\"description\":\"Notre m\u00e9tier, la pr\u00e9vention des d\u00e9chets. L&#039;innovation notre motivation\",\"publisher\":{\"@id\":\"https:\\\/\\\/www.formacompost.fr\\\/espace-pro-accueil\\\/#organization\"},\"potentialAction\":[{\"@type\":\"SearchAction\",\"target\":{\"@type\":\"EntryPoint\",\"urlTemplate\":\"https:\\\/\\\/www.formacompost.fr\\\/espace-pro-accueil\\\/?s={search_term_string}\"},\"query-input\":{\"@type\":\"PropertyValueSpecification\",\"valueRequired\":true,\"valueName\":\"search_term_string\"}}],\"inLanguage\":\"fr-FR\"},{\"@type\":\"Organization\",\"@id\":\"https:\\\/\\\/www.formacompost.fr\\\/espace-pro-accueil\\\/#organization\",\"name\":\"Formacompost\",\"url\":\"https:\\\/\\\/www.formacompost.fr\\\/espace-pro-accueil\\\/\",\"logo\":{\"@type\":\"ImageObject\",\"inLanguage\":\"fr-FR\",\"@id\":\"https:\\\/\\\/www.formacompost.fr\\\/espace-pro-accueil\\\/#\\\/schema\\\/logo\\\/image\\\/\",\"url\":\"https:\\\/\\\/www.formacompost.fr\\\/wp-content\\\/uploads\\\/2020\\\/03\\\/logo.png\",\"contentUrl\":\"https:\\\/\\\/www.formacompost.fr\\\/wp-content\\\/uploads\\\/2020\\\/03\\\/logo.png\",\"width\":431,\"height\":154,\"caption\":\"Formacompost\"},\"image\":{\"@id\":\"https:\\\/\\\/www.formacompost.fr\\\/espace-pro-accueil\\\/#\\\/schema\\\/logo\\\/image\\\/\"}},{\"@type\":\"Person\",\"@id\":\"https:\\\/\\\/www.formacompost.fr\\\/espace-pro-accueil\\\/#\\\/schema\\\/person\\\/73a9ac96fffa7221d01db02cc9213af3\",\"name\":\"Formacompost\",\"image\":{\"@type\":\"ImageObject\",\"inLanguage\":\"fr-FR\",\"@id\":\"https:\\\/\\\/secure.gravatar.com\\\/avatar\\\/5fe7b001c00922d824cf6e4599ce4f1c74ab2625010ae661417858b1ac5f17b5?s=96&d=mm&r=g\",\"url\":\"https:\\\/\\\/secure.gravatar.com\\\/avatar\\\/5fe7b001c00922d824cf6e4599ce4f1c74ab2625010ae661417858b1ac5f17b5?s=96&d=mm&r=g\",\"contentUrl\":\"https:\\\/\\\/secure.gravatar.com\\\/avatar\\\/5fe7b001c00922d824cf6e4599ce4f1c74ab2625010ae661417858b1ac5f17b5?s=96&d=mm&r=g\",\"caption\":\"Formacompost\"},\"url\":\"https:\\\/\\\/www.formacompost.fr\\\/espace-pro-accueil\\\/author\\\/christophe\\\/\"}]}<\/script>\n<!-- \/ Yoast SEO plugin. -->","yoast_head_json":{"title":"NULL","description":"NULL","robots":{"index":"index","follow":"follow","max-snippet":"max-snippet:-1","max-image-preview":"max-image-preview:large","max-video-preview":"max-video-preview:-1"},"canonical":"NULL","og_locale":"fr_FR","og_type":"article","og_title":"NULL","og_description":"NULL","og_url":"NULL","og_site_name":"FORMACOMPOST","article_published_time":"2022-10-20T13:47:28+00:00","article_modified_time":"2022-12-01T15:49:07+00:00","og_image":[{"width":2560,"height":1707,"url":"https:\/\/www.formacompost.fr\/wp-content\/uploads\/2022\/10\/de\u0301chets-organiques-scaled.jpeg","type":"image\/jpeg"}],"author":"Formacompost","twitter_card":"summary_large_image","twitter_title":"NULL","twitter_description":"NULL","twitter_misc":{"\u00c9crit par":"Formacompost","Dur\u00e9e de lecture estim\u00e9e":"2 minutes"},"schema":{"@context":"https:\/\/schema.org","@graph":[{"@type":"Article","@id":"NULL#article","isPartOf":{"@id":"https:\/\/www.formacompost.fr\/espace-pro-accueil\/le-premier-janvier-2024-cest-demain\/"},"author":{"name":"Formacompost","@id":"https:\/\/www.formacompost.fr\/espace-pro-accueil\/#\/schema\/person\/73a9ac96fffa7221d01db02cc9213af3"},"headline":"&#8230; ET EN 2024 C&rsquo;EST POUR TOUS !","datePublished":"2022-10-20T13:47:28+00:00","dateModified":"2022-12-01T15:49:07+00:00","mainEntityOfPage":{"@id":"https:\/\/www.formacompost.fr\/espace-pro-accueil\/le-premier-janvier-2024-cest-demain\/"},"wordCount":362,"publisher":{"@id":"https:\/\/www.formacompost.fr\/espace-pro-accueil\/#organization"},"image":{"@id":"NULL#primaryimage"},"thumbnailUrl":"https:\/\/www.formacompost.fr\/wp-content\/uploads\/2022\/10\/de\u0301chets-organiques-scaled.jpeg","articleSection":["La valorisation des d\u00e9chets"],"inLanguage":"fr-FR"},{"@type":["WebPage","NULL"],"@id":"https:\/\/www.formacompost.fr\/espace-pro-accueil\/le-premier-janvier-2024-cest-demain\/","url":"NULL","name":"NULL","isPartOf":{"@id":"https:\/\/www.formacompost.fr\/espace-pro-accueil\/#website"},"primaryImageOfPage":{"@id":"NULL#primaryimage"},"image":{"@id":"NULL#primaryimage"},"thumbnailUrl":"https:\/\/www.formacompost.fr\/wp-content\/uploads\/2022\/10\/de\u0301chets-organiques-scaled.jpeg","datePublished":"2022-10-20T13:47:28+00:00","dateModified":"2022-12-01T15:49:07+00:00","description":"NULL","breadcrumb":{"@id":"NULL#breadcrumb"},"inLanguage":"fr-FR","potentialAction":[{"@type":"ReadAction","target":["NULL"]}]},{"@type":"ImageObject","inLanguage":"fr-FR","@id":"NULL#primaryimage","url":"https:\/\/www.formacompost.fr\/wp-content\/uploads\/2022\/10\/de\u0301chets-organiques-scaled.jpeg","contentUrl":"https:\/\/www.formacompost.fr\/wp-content\/uploads\/2022\/10\/de\u0301chets-organiques-scaled.jpeg","width":2560,"height":1707,"caption":"Pile of organic waste for composting as background, closeup"},{"@type":"BreadcrumbList","@id":"NULL#breadcrumb","itemListElement":[{"@type":"ListItem","position":1,"name":"Accueil","item":"https:\/\/www.formacompost.fr\/espace-pro-accueil\/"},{"@type":"ListItem","position":2,"name":"&#8230; ET EN 2024 C&rsquo;EST POUR TOUS !"}]},{"@type":"WebSite","@id":"https:\/\/www.formacompost.fr\/espace-pro-accueil\/#website","url":"https:\/\/www.formacompost.fr\/espace-pro-accueil\/","name":"FORMACOMPOST","description":"Notre m\u00e9tier, la pr\u00e9vention des d\u00e9chets. L&#039;innovation notre motivation","publisher":{"@id":"https:\/\/www.formacompost.fr\/espace-pro-accueil\/#organization"},"potentialAction":[{"@type":"SearchAction","target":{"@type":"EntryPoint","urlTemplate":"https:\/\/www.formacompost.fr\/espace-pro-accueil\/?s={search_term_string}"},"query-input":{"@type":"PropertyValueSpecification","valueRequired":true,"valueName":"search_term_string"}}],"inLanguage":"fr-FR"},{"@type":"Organization","@id":"https:\/\/www.formacompost.fr\/espace-pro-accueil\/#organization","name":"Formacompost","url":"https:\/\/www.formacompost.fr\/espace-pro-accueil\/","logo":{"@type":"ImageObject","inLanguage":"fr-FR","@id":"https:\/\/www.formacompost.fr\/espace-pro-accueil\/#\/schema\/logo\/image\/","url":"https:\/\/www.formacompost.fr\/wp-content\/uploads\/2020\/03\/logo.png","contentUrl":"https:\/\/www.formacompost.fr\/wp-content\/uploads\/2020\/03\/logo.png","width":431,"height":154,"caption":"Formacompost"},"image":{"@id":"https:\/\/www.formacompost.fr\/espace-pro-accueil\/#\/schema\/logo\/image\/"}},{"@type":"Person","@id":"https:\/\/www.formacompost.fr\/espace-pro-accueil\/#\/schema\/person\/73a9ac96fffa7221d01db02cc9213af3","name":"Formacompost","image":{"@type":"ImageObject","inLanguage":"fr-FR","@id":"https:\/\/secure.gravatar.com\/avatar\/5fe7b001c00922d824cf6e4599ce4f1c74ab2625010ae661417858b1ac5f17b5?s=96&d=mm&r=g","url":"https:\/\/secure.gravatar.com\/avatar\/5fe7b001c00922d824cf6e4599ce4f1c74ab2625010ae661417858b1ac5f17b5?s=96&d=mm&r=g","contentUrl":"https:\/\/secure.gravatar.com\/avatar\/5fe7b001c00922d824cf6e4599ce4f1c74ab2625010ae661417858b1ac5f17b5?s=96&d=mm&r=g","caption":"Formacompost"},"url":"https:\/\/www.formacompost.fr\/espace-pro-accueil\/author\/christophe\/"}]}},"jetpack_featured_media_url":"https:\/\/www.formacompost.fr\/wp-content\/uploads\/2022\/10\/de\u0301chets-organiques-scaled.jpeg","jetpack_sharing_enabled":true,"_links":{"self":[{"href":"https:\/\/www.formacompost.fr\/espace-pro-accueil\/wp-json\/wp\/v2\/posts\/9049","targetHints":{"allow":["GET"]}}],"collection":[{"href":"https:\/\/www.formacompost.fr\/espace-pro-accueil\/wp-json\/wp\/v2\/posts"}],"about":[{"href":"https:\/\/www.formacompost.fr\/espace-pro-accueil\/wp-json\/wp\/v2\/types\/post"}],"author":[{"embeddable":true,"href":"https:\/\/www.formacompost.fr\/espace-pro-accueil\/wp-json\/wp\/v2\/users\/2"}],"replies":[{"embeddable":true,"href":"https:\/\/www.formacompost.fr\/espace-pro-accueil\/wp-json\/wp\/v2\/comments?post=9049"}],"version-history":[{"count":18,"href":"https:\/\/www.formacompost.fr\/espace-pro-accueil\/wp-json\/wp\/v2\/posts\/9049\/revisions"}],"predecessor-version":[{"id":9186,"href":"https:\/\/www.formacompost.fr\/espace-pro-accueil\/wp-json\/wp\/v2\/posts\/9049\/revisions\/9186"}],"wp:featuredmedia":[{"embeddable":true,"href":"https:\/\/www.formacompost.fr\/espace-pro-accueil\/wp-json\/wp\/v2\/media\/9055"}],"wp:attachment":[{"href":"https:\/\/www.formacompost.fr\/espace-pro-accueil\/wp-json\/wp\/v2\/media?parent=9049"}],"wp:term":[{"taxonomy":"category","embeddable":true,"href":"https:\/\/www.formacompost.fr\/espace-pro-accueil\/wp-json\/wp\/v2\/categories?post=9049"},{"taxonomy":"post_tag","embeddable":true,"href":"https:\/\/www.formacompost.fr\/espace-pro-accueil\/wp-json\/wp\/v2\/tags?post=9049"}],"curies":[{"name":"wp","href":"https:\/\/api.w.org\/{rel}","templated":true}]}}