{"id":5536,"date":"2022-05-02T12:04:54","date_gmt":"2022-05-02T10:04:54","guid":{"rendered":"https:\/\/www.formacompost.fr\/?p=5536"},"modified":"2022-06-21T11:17:33","modified_gmt":"2022-06-21T09:17:33","slug":"maisonjardin-formacompost-compostez-facilement-vos-dechets","status":"publish","type":"post","link":"https:\/\/www.formacompost.fr\/espace-pro-accueil\/maisonjardin-formacompost-compostez-facilement-vos-dechets\/","title":{"rendered":"MAISON&#038;JARDIN : Formacompost , composteR facilement vos d\u00e9chets !"},"content":{"rendered":"\t\t<div data-elementor-type=\"wp-post\" data-elementor-id=\"5536\" class=\"elementor elementor-5536\" data-elementor-post-type=\"post\">\n\t\t\t\t\t\t<section class=\"elementor-section elementor-top-section elementor-element elementor-element-7c40d69 elementor-section-boxed elementor-section-height-default elementor-section-height-default\" data-id=\"7c40d69\" data-element_type=\"section\" data-e-type=\"section\">\n\t\t\t\t\t\t<div class=\"elementor-container elementor-column-gap-default\">\n\t\t\t\t\t<div class=\"elementor-column elementor-col-100 elementor-top-column elementor-element elementor-element-b706f6a\" data-id=\"b706f6a\" data-element_type=\"column\" data-e-type=\"column\">\n\t\t\t<div class=\"elementor-widget-wrap elementor-element-populated\">\n\t\t\t\t\t\t<div class=\"elementor-element elementor-element-bea7f95 elementor-widget elementor-widget-text-editor\" data-id=\"bea7f95\" data-element_type=\"widget\" data-e-type=\"widget\" data-widget_type=\"text-editor.default\">\n\t\t\t\t<div class=\"elementor-widget-container\">\n\t\t\t\t\t\t\t\t\t<h3><span style=\"font-weight: normal;\">Un Article \u00e9crit par Maison&amp;JARDIN : Compostez facilement.<br \/><\/span><span class=\"byline\" style=\"font-family: inherit; font-style: inherit; color: #595959; font-size: 12.75px; font-weight: 400; text-transform: none;\">par <span class=\"author vcard\"><a class=\"url fn n\" href=\"https:\/\/maisonetjardinactuels.com\/author\/admmeja\/\">La R\u00e9daction<\/a><\/span><\/span> <span class=\"posted-on\" style=\"font-family: inherit; font-style: inherit; color: #595959; font-size: 12.75px; font-weight: 400; text-transform: none;\"><time class=\"entry-date published\" datetime=\"2022-04-12T11:05:08+02:00\">12 avril 2022<\/time><\/span><\/h3><div class=\"entry-content\"><p>Envie de composter facilement l\u2019int\u00e9gralit\u00e9 de vos d\u00e9chets alimentaires avec un produit con\u00e7u et fabriqu\u00e9 en France \u00e0 partir de plastique recycl\u00e9\u00a0? Depuis 2018, l\u2019entreprise Formacompost con\u00e7oit des composteurs \u00e0 destination des particuliers et des professionnels.<\/p><\/div>\t\t\t\t\t\t\t\t<\/div>\n\t\t\t\t<\/div>\n\t\t\t\t<div class=\"elementor-element elementor-element-8cc0639 elementor-widget elementor-widget-image\" data-id=\"8cc0639\" data-element_type=\"widget\" data-e-type=\"widget\" data-widget_type=\"image.default\">\n\t\t\t\t<div class=\"elementor-widget-container\">\n\t\t\t\t\t\t\t\t\t\t\t\t\t\t\t<img decoding=\"async\" data-src=\"https:\/\/www.formacompost.fr\/wp-content\/uploads\/2022\/05\/05-1-2048x1365-1.jpeg\" title=\"\" alt=\"Composter facilement\" src=\"data:image\/svg+xml;base64,PHN2ZyB3aWR0aD0iMSIgaGVpZ2h0PSIxIiB4bWxucz0iaHR0cDovL3d3dy53My5vcmcvMjAwMC9zdmciPjwvc3ZnPg==\" class=\"lazyload\" \/>\t\t\t\t\t\t\t\t\t\t\t\t\t\t\t<\/div>\n\t\t\t\t<\/div>\n\t\t\t\t\t<\/div>\n\t\t<\/div>\n\t\t\t\t\t<\/div>\n\t\t<\/section>\n\t\t\t\t<section class=\"elementor-section elementor-top-section elementor-element elementor-element-e178987 elementor-section-boxed elementor-section-height-default elementor-section-height-default\" data-id=\"e178987\" data-element_type=\"section\" data-e-type=\"section\">\n\t\t\t\t\t\t<div class=\"elementor-container elementor-column-gap-default\">\n\t\t\t\t\t<div class=\"elementor-column elementor-col-100 elementor-top-column elementor-element elementor-element-260e495\" data-id=\"260e495\" data-element_type=\"column\" data-e-type=\"column\">\n\t\t\t<div class=\"elementor-widget-wrap elementor-element-populated\">\n\t\t\t\t\t\t<div class=\"elementor-element elementor-element-042fdca elementor-widget elementor-widget-text-editor\" data-id=\"042fdca\" data-element_type=\"widget\" data-e-type=\"widget\" data-widget_type=\"text-editor.default\">\n\t\t\t\t<div class=\"elementor-widget-container\">\n\t\t\t\t\t\t\t\t\t<div style=\"margin-top: 2em; caret-color: #465364;\"><h4 style=\"color: #465364;\"><strong>\u00c0 propos de Formacompost.<\/strong><\/h4><p style=\"color: #465364;\">Apr\u00e8s avoir dispens\u00e9 des formations au compostage et \u00e0 la r\u00e9duction des d\u00e9chets pendant 10 ans, Christophe Boudet, Ma\u00eetre Composteur agr\u00e9\u00e9 par l\u2019ADEM, fait un constat simple : les solutions de compostage existantes sur le march\u00e9 ne sont pas toujours bien adapt\u00e9es aux d\u00e9chets alimentaires et ne sont pas assez diversifi\u00e9es pour r\u00e9pondre aux attentes des diff\u00e9rents profils d\u2019utilisateurs. Dans ce contexte, il se lance, en partenariat avec l\u2019ing\u00e9nieur Louis Ramond, dans un long travail de Recherche et D\u00e9veloppement. De l\u00e0 naissent solutions innovantes de compostage qui simplifient le processus et g\u00e9n\u00e9ralisent la valorisation de nos bio-d\u00e9chets. D\u00e8s 2018, la soci\u00e9t\u00e9 Formacompost cr\u00e9\u00e9 des composteurs gros volume pour les professionnels, et en 2020, elle se lance dans la conception d\u2019une gamme de composteurs rotatifs pour les particuliers.<\/p><h4>\u00a0<\/h4><h4><strong>Compostage\u00a0: que dit la loi\u00a0?<\/strong><\/h4><p>Le 31 d\u00e9cembre 2023, professionnels et particuliers n\u2019auront plus le droit de jeter leurs bio-d\u00e9chets avec les ordures r\u00e9siduelles. Suite \u00e0 la l\u00e9gislation Europ\u00e9enne, transcrite pour la France dans la loi Anti-gaspillage et \u00e9conomie circulaire (dite loi AGEC), nous aurons tous l\u2019obligation de trier s\u00e9par\u00e9ment les d\u00e9chets organiques comme nous le faisons pour les recyclables. Ces d\u00e9chets devront ensuite \u00eatre valoris\u00e9s. C\u2019est la raison pour laquelle Formacompost a d\u00e9cid\u00e9 de cr\u00e9er le Culbuto 50, une solution de compostage pratique \u00e0 la port\u00e9e du plus grand nombre.<\/p><h4>\u00a0<\/h4><h4><strong>Le compostage au plus pr\u00e8s de la cuisine.<\/strong><\/h4><p>Le Culbuto 50 1\u00e8re g\u00e9n\u00e9ration (mobile \u00e0 roulettes) et le Culbuto 50 2\u00e8me g\u00e9n\u00e9ration (fixe) r\u00e9pondent \u00e0 la probl\u00e9matique du compostage urbain et moderne. Con\u00e7us pour accepter tous les d\u00e9chets alimentaires sans exception, ils valorisent 100% des d\u00e9chets organiques des foyers. Fruits et l\u00e9gumes mais \u00e9galement d\u00e9chets carn\u00e9s et laitiers ainsi que les restes d\u2019assiettes ne finiront plus dans la poubelle de la cuisine mais deviendront un engrais nourrissant pour redonner leur fertilit\u00e9 \u00e0 nos sols\u00a0! Gr\u00e2ce \u00e0 sa petite taille et sa fonction \u00e9tanche, il peut \u00eatre plac\u00e9 sur la terrasse, sur le balcon ou dans le garage. Fabriqu\u00e9 en France avec du plastique 100% recycl\u00e9 et recyclable, le Culbuto 50 est rotatif et permet un brassage facile et efficace.<\/p><p>\u00a0<\/p><p><strong>\u00c0 retrouver dans les magasins Truffaut et Leroy Merlin<\/strong><\/p><p><strong style=\"font-size: 16px; box-sizing: inherit; text-rendering: optimizeLegibility; -webkit-font-smoothing: antialiased; font-kerning: auto; caret-color: #404040; color: #404040; font-family: 'Work Sans'; text-align: center;\">\u00a0<\/strong><\/p><p>\u00a0<\/p><p>\u00a0<a href=\"https:\/\/maisonetjardinactuels.com\/2022\/04\/12\/formacompost-compostez-facilement-vos-dechets\/\">Je d\u00e9couvre l&rsquo;article &gt;<\/a><\/p><\/div>\t\t\t\t\t\t\t\t<\/div>\n\t\t\t\t<\/div>\n\t\t\t\t\t<\/div>\n\t\t<\/div>\n\t\t\t\t\t<\/div>\n\t\t<\/section>\n\t\t\t\t<section class=\"elementor-section elementor-top-section elementor-element elementor-element-6f59efc elementor-section-boxed elementor-section-height-default elementor-section-height-default\" data-id=\"6f59efc\" data-element_type=\"section\" data-e-type=\"section\">\n\t\t\t\t\t\t<div class=\"elementor-container elementor-column-gap-default\">\n\t\t\t\t\t<div class=\"elementor-column elementor-col-100 elementor-top-column elementor-element elementor-element-fb07307\" data-id=\"fb07307\" data-element_type=\"column\" data-e-type=\"column\">\n\t\t\t<div class=\"elementor-widget-wrap elementor-element-populated\">\n\t\t\t\t\t\t<div class=\"elementor-element elementor-element-8790b21 elementor--h-position-center elementor--v-position-middle elementor-arrows-position-inside elementor-pagination-position-inside elementor-widget elementor-widget-slides\" data-id=\"8790b21\" data-element_type=\"widget\" data-e-type=\"widget\" data-settings=\"{&quot;transition&quot;:&quot;fade&quot;,&quot;navigation&quot;:&quot;both&quot;,&quot;autoplay&quot;:&quot;yes&quot;,&quot;pause_on_hover&quot;:&quot;yes&quot;,&quot;pause_on_interaction&quot;:&quot;yes&quot;,&quot;autoplay_speed&quot;:5000,&quot;infinite&quot;:&quot;yes&quot;,&quot;transition_speed&quot;:500}\" data-widget_type=\"slides.default\">\n\t\t\t\t<div class=\"elementor-widget-container\">\n\t\t\t\t\t\t\t<div class=\"elementor-swiper\">\n\t\t\t<div class=\"elementor-slides-wrapper elementor-main-swiper swiper-container\" dir=\"ltr\" data-animation=\"zoomIn\">\n\t\t\t\t<div class=\"swiper-wrapper elementor-slides\">\n\t\t\t\t\t\t\t\t\t\t<div class=\"elementor-repeater-item-e331045 swiper-slide\"><div class=\"swiper-slide-bg\" role=\"img\"><\/div><a class=\"swiper-slide-inner\" href=\"https:\/\/www.formacompost.fr\/nos-solutions\/culbuto-composteur-urbain\/\"><div class=\"swiper-slide-contents\"><div class=\"elementor-slide-heading\">CULBUTO 50<\/div><div class=\"elementor-slide-description\">2\u00e8me G\u00e9n\u00e9ration<\/div><div  class=\"elementor-button elementor-slide-button elementor-size-sm\">D\u00e9couvrir<\/div><\/div><\/a><\/div><div class=\"elementor-repeater-item-463add3 swiper-slide\"><div class=\"swiper-slide-bg\" role=\"img\"><\/div><a class=\"swiper-slide-inner\" href=\"https:\/\/www.formacompost.fr\/nos-solutions\/culbuto-composteur-urbain\/\"><div class=\"swiper-slide-contents\"><div class=\"elementor-slide-heading\">CULBUTO 50<\/div><div class=\"elementor-slide-description\">2\u00e8me G\u00e9n\u00e9ration<\/div><div  class=\"elementor-button elementor-slide-button elementor-size-sm\">D\u00e9couvrir<\/div><\/div><\/a><\/div><div class=\"elementor-repeater-item-8d60839 swiper-slide\"><div class=\"swiper-slide-bg\" role=\"img\"><\/div><a class=\"swiper-slide-inner\" href=\"https:\/\/www.formacompost.fr\/nos-solutions\/culbuto-composteur-urbain\/\"><div class=\"swiper-slide-contents\"><div class=\"elementor-slide-heading\">CULBUTO 50<\/div><div class=\"elementor-slide-description\">2\u00e8me G\u00e9n\u00e9ration<\/div><div  class=\"elementor-button elementor-slide-button elementor-size-sm\">D\u00e9couvrir<\/div><\/div><\/a><\/div>\t\t\t\t<\/div>\n\t\t\t\t\t\t\t\t\t\t\t\t\t\t\t<div class=\"swiper-pagination\"><\/div>\n\t\t\t\t\t\t\t\t\t\t\t\t\t\t\t\t<div class=\"elementor-swiper-button elementor-swiper-button-prev\" role=\"button\" tabindex=\"0\">\n\t\t\t\t\t\t\t<i aria-hidden=\"true\" class=\"eicon-chevron-left\"><\/i>\t\t\t\t\t\t\t<span class=\"elementor-screen-only\">Diapositive pr\u00e9c\u00e9dente<\/span>\n\t\t\t\t\t\t<\/div>\n\t\t\t\t\t\t<div class=\"elementor-swiper-button elementor-swiper-button-next\" role=\"button\" tabindex=\"0\">\n\t\t\t\t\t\t\t<i aria-hidden=\"true\" class=\"eicon-chevron-right\"><\/i>\t\t\t\t\t\t\t<span class=\"elementor-screen-only\">Diapositive suivante<\/span>\n\t\t\t\t\t\t<\/div>\n\t\t\t\t\t\t\t\t\t\t\t\t<\/div>\n\t\t<\/div>\n\t\t\t\t\t\t<\/div>\n\t\t\t\t<\/div>\n\t\t\t\t\t<\/div>\n\t\t<\/div>\n\t\t\t\t\t<\/div>\n\t\t<\/section>\n\t\t\t\t<\/div>\n\t\t","protected":false},"excerpt":{"rendered":"<p>Un Article \u00e9crit par Maison&amp;JARDIN : Compostez facilement. par La R\u00e9daction 12 avril 2022 Envie de composter facilement l\u2019int\u00e9gralit\u00e9 de vos d\u00e9chets alimentaires avec un produit con\u00e7u et fabriqu\u00e9 en France \u00e0 partir de plastique recycl\u00e9&nbsp;? Depuis 2018, l\u2019entreprise Formacompost con\u00e7oit des composteurs \u00e0 destination des particuliers et des professionnels. \u00c0 propos de Formacompost. Apr\u00e8s &#8230; <a title=\"MAISON&#038;JARDIN : Formacompost , composteR facilement vos d\u00e9chets !\" class=\"read-more\" href=\"https:\/\/www.formacompost.fr\/espace-pro-accueil\/maisonjardin-formacompost-compostez-facilement-vos-dechets\/\" aria-label=\"En savoir plus sur MAISON&#038;JARDIN : Formacompost , composteR facilement vos d\u00e9chets !\">Lire la suite<\/a><\/p>\n","protected":false},"author":2,"featured_media":7769,"comment_status":"closed","ping_status":"closed","sticky":false,"template":"","format":"standard","meta":{"_jetpack_memberships_contains_paid_content":false,"footnotes":""},"categories":[6],"tags":[],"class_list":["post-5536","post","type-post","status-publish","format-standard","has-post-thumbnail","hentry","category-on-parle-de-nous"],"yoast_head":"<!-- This site is optimized with the Yoast SEO plugin v27.5 - https:\/\/yoast.com\/product\/yoast-seo-wordpress\/ -->\n<title>MAISON&amp;JARDIN : Formacompost , composteR facilement vos d\u00e9chets !<\/title>\n<meta name=\"description\" content=\"Composter facilement l\u2019int\u00e9gralit\u00e9 de vos d\u00e9chets alimentaires avec un produit con\u00e7u et fabriqu\u00e9 en France \u00e0 partir de plastique recycl\u00e9.\" \/>\n<meta name=\"robots\" content=\"index, follow, max-snippet:-1, max-image-preview:large, max-video-preview:-1\" \/>\n<link rel=\"canonical\" href=\"http:\/\/NULL\" \/>\n<meta property=\"og:locale\" content=\"fr_FR\" \/>\n<meta property=\"og:type\" content=\"article\" \/>\n<meta property=\"og:title\" content=\"NULL\" \/>\n<meta property=\"og:description\" content=\"NULL\" \/>\n<meta property=\"og:url\" content=\"NULL\" \/>\n<meta property=\"og:site_name\" content=\"FORMACOMPOST\" \/>\n<meta property=\"article:published_time\" content=\"2022-05-02T10:04:54+00:00\" \/>\n<meta property=\"article:modified_time\" content=\"2022-06-21T09:17:33+00:00\" \/>\n<meta property=\"og:image\" content=\"https:\/\/www.formacompost.fr\/wp-content\/uploads\/2022\/05\/Plan-de-travail-1.png\" \/>\n\t<meta property=\"og:image:width\" content=\"343\" \/>\n\t<meta property=\"og:image:height\" content=\"336\" \/>\n\t<meta property=\"og:image:type\" content=\"image\/png\" \/>\n<meta name=\"author\" content=\"Formacompost\" \/>\n<meta name=\"twitter:card\" content=\"summary_large_image\" \/>\n<meta name=\"twitter:title\" content=\"NULL\" \/>\n<meta name=\"twitter:description\" content=\"NULL\" \/>\n<meta name=\"twitter:label1\" content=\"\u00c9crit par\" \/>\n\t<meta name=\"twitter:data1\" content=\"Formacompost\" \/>\n\t<meta name=\"twitter:label2\" content=\"Dur\u00e9e de lecture estim\u00e9e\" \/>\n\t<meta name=\"twitter:data2\" content=\"3 minutes\" \/>\n<script type=\"application\/ld+json\" class=\"yoast-schema-graph\">{\"@context\":\"https:\\\/\\\/schema.org\",\"@graph\":[{\"@type\":\"Article\",\"@id\":\"NULL#article\",\"isPartOf\":{\"@id\":\"https:\\\/\\\/www.formacompost.fr\\\/espace-pro-accueil\\\/maisonjardin-formacompost-compostez-facilement-vos-dechets\\\/\"},\"author\":{\"name\":\"Formacompost\",\"@id\":\"https:\\\/\\\/www.formacompost.fr\\\/espace-pro-accueil\\\/#\\\/schema\\\/person\\\/73a9ac96fffa7221d01db02cc9213af3\"},\"headline\":\"MAISON&#038;JARDIN : Formacompost , composteR facilement vos d\u00e9chets !\",\"datePublished\":\"2022-05-02T10:04:54+00:00\",\"dateModified\":\"2022-06-21T09:17:33+00:00\",\"mainEntityOfPage\":{\"@id\":\"https:\\\/\\\/www.formacompost.fr\\\/espace-pro-accueil\\\/maisonjardin-formacompost-compostez-facilement-vos-dechets\\\/\"},\"wordCount\":486,\"publisher\":{\"@id\":\"https:\\\/\\\/www.formacompost.fr\\\/espace-pro-accueil\\\/#organization\"},\"image\":{\"@id\":\"NULL#primaryimage\"},\"thumbnailUrl\":\"https:\\\/\\\/www.formacompost.fr\\\/wp-content\\\/uploads\\\/2022\\\/05\\\/Plan-de-travail-1.png\",\"articleSection\":[\"On parle de nous\"],\"inLanguage\":\"fr-FR\"},{\"@type\":[\"WebPage\",\"NULL\"],\"@id\":\"https:\\\/\\\/www.formacompost.fr\\\/espace-pro-accueil\\\/maisonjardin-formacompost-compostez-facilement-vos-dechets\\\/\",\"url\":\"NULL\",\"name\":\"MAISON&JARDIN : Formacompost , composteR facilement vos d\u00e9chets !\",\"isPartOf\":{\"@id\":\"https:\\\/\\\/www.formacompost.fr\\\/espace-pro-accueil\\\/#website\"},\"primaryImageOfPage\":{\"@id\":\"NULL#primaryimage\"},\"image\":{\"@id\":\"NULL#primaryimage\"},\"thumbnailUrl\":\"https:\\\/\\\/www.formacompost.fr\\\/wp-content\\\/uploads\\\/2022\\\/05\\\/Plan-de-travail-1.png\",\"datePublished\":\"2022-05-02T10:04:54+00:00\",\"dateModified\":\"2022-06-21T09:17:33+00:00\",\"description\":\"Composter facilement l\u2019int\u00e9gralit\u00e9 de vos d\u00e9chets alimentaires avec un produit con\u00e7u et fabriqu\u00e9 en France \u00e0 partir de plastique recycl\u00e9.\",\"breadcrumb\":{\"@id\":\"NULL#breadcrumb\"},\"inLanguage\":\"fr-FR\",\"potentialAction\":[{\"@type\":\"ReadAction\",\"target\":[\"NULL\"]}]},{\"@type\":\"ImageObject\",\"inLanguage\":\"fr-FR\",\"@id\":\"NULL#primaryimage\",\"url\":\"https:\\\/\\\/www.formacompost.fr\\\/wp-content\\\/uploads\\\/2022\\\/05\\\/Plan-de-travail-1.png\",\"contentUrl\":\"https:\\\/\\\/www.formacompost.fr\\\/wp-content\\\/uploads\\\/2022\\\/05\\\/Plan-de-travail-1.png\",\"width\":343,\"height\":336},{\"@type\":\"BreadcrumbList\",\"@id\":\"NULL#breadcrumb\",\"itemListElement\":[{\"@type\":\"ListItem\",\"position\":1,\"name\":\"Accueil\",\"item\":\"https:\\\/\\\/www.formacompost.fr\\\/espace-pro-accueil\\\/\"},{\"@type\":\"ListItem\",\"position\":2,\"name\":\"MAISON&#038;JARDIN : Formacompost , composteR facilement vos d\u00e9chets !\"}]},{\"@type\":\"WebSite\",\"@id\":\"https:\\\/\\\/www.formacompost.fr\\\/espace-pro-accueil\\\/#website\",\"url\":\"https:\\\/\\\/www.formacompost.fr\\\/espace-pro-accueil\\\/\",\"name\":\"FORMACOMPOST\",\"description\":\"Notre m\u00e9tier, la pr\u00e9vention des d\u00e9chets. L&#039;innovation notre motivation\",\"publisher\":{\"@id\":\"https:\\\/\\\/www.formacompost.fr\\\/espace-pro-accueil\\\/#organization\"},\"potentialAction\":[{\"@type\":\"SearchAction\",\"target\":{\"@type\":\"EntryPoint\",\"urlTemplate\":\"https:\\\/\\\/www.formacompost.fr\\\/espace-pro-accueil\\\/?s={search_term_string}\"},\"query-input\":{\"@type\":\"PropertyValueSpecification\",\"valueRequired\":true,\"valueName\":\"search_term_string\"}}],\"inLanguage\":\"fr-FR\"},{\"@type\":\"Organization\",\"@id\":\"https:\\\/\\\/www.formacompost.fr\\\/espace-pro-accueil\\\/#organization\",\"name\":\"Formacompost\",\"url\":\"https:\\\/\\\/www.formacompost.fr\\\/espace-pro-accueil\\\/\",\"logo\":{\"@type\":\"ImageObject\",\"inLanguage\":\"fr-FR\",\"@id\":\"https:\\\/\\\/www.formacompost.fr\\\/espace-pro-accueil\\\/#\\\/schema\\\/logo\\\/image\\\/\",\"url\":\"https:\\\/\\\/www.formacompost.fr\\\/wp-content\\\/uploads\\\/2020\\\/03\\\/logo.png\",\"contentUrl\":\"https:\\\/\\\/www.formacompost.fr\\\/wp-content\\\/uploads\\\/2020\\\/03\\\/logo.png\",\"width\":431,\"height\":154,\"caption\":\"Formacompost\"},\"image\":{\"@id\":\"https:\\\/\\\/www.formacompost.fr\\\/espace-pro-accueil\\\/#\\\/schema\\\/logo\\\/image\\\/\"}},{\"@type\":\"Person\",\"@id\":\"https:\\\/\\\/www.formacompost.fr\\\/espace-pro-accueil\\\/#\\\/schema\\\/person\\\/73a9ac96fffa7221d01db02cc9213af3\",\"name\":\"Formacompost\",\"image\":{\"@type\":\"ImageObject\",\"inLanguage\":\"fr-FR\",\"@id\":\"https:\\\/\\\/secure.gravatar.com\\\/avatar\\\/5fe7b001c00922d824cf6e4599ce4f1c74ab2625010ae661417858b1ac5f17b5?s=96&d=mm&r=g\",\"url\":\"https:\\\/\\\/secure.gravatar.com\\\/avatar\\\/5fe7b001c00922d824cf6e4599ce4f1c74ab2625010ae661417858b1ac5f17b5?s=96&d=mm&r=g\",\"contentUrl\":\"https:\\\/\\\/secure.gravatar.com\\\/avatar\\\/5fe7b001c00922d824cf6e4599ce4f1c74ab2625010ae661417858b1ac5f17b5?s=96&d=mm&r=g\",\"caption\":\"Formacompost\"},\"url\":\"https:\\\/\\\/www.formacompost.fr\\\/espace-pro-accueil\\\/author\\\/christophe\\\/\"}]}<\/script>\n<!-- \/ Yoast SEO plugin. -->","yoast_head_json":{"title":"MAISON&JARDIN : Formacompost , composteR facilement vos d\u00e9chets !","description":"Composter facilement l\u2019int\u00e9gralit\u00e9 de vos d\u00e9chets alimentaires avec un produit con\u00e7u et fabriqu\u00e9 en France \u00e0 partir de plastique recycl\u00e9.","robots":{"index":"index","follow":"follow","max-snippet":"max-snippet:-1","max-image-preview":"max-image-preview:large","max-video-preview":"max-video-preview:-1"},"canonical":"NULL","og_locale":"fr_FR","og_type":"article","og_title":"NULL","og_description":"NULL","og_url":"NULL","og_site_name":"FORMACOMPOST","article_published_time":"2022-05-02T10:04:54+00:00","article_modified_time":"2022-06-21T09:17:33+00:00","og_image":[{"width":343,"height":336,"url":"https:\/\/www.formacompost.fr\/wp-content\/uploads\/2022\/05\/Plan-de-travail-1.png","type":"image\/png"}],"author":"Formacompost","twitter_card":"summary_large_image","twitter_title":"NULL","twitter_description":"NULL","twitter_misc":{"\u00c9crit par":"Formacompost","Dur\u00e9e de lecture estim\u00e9e":"3 minutes"},"schema":{"@context":"https:\/\/schema.org","@graph":[{"@type":"Article","@id":"NULL#article","isPartOf":{"@id":"https:\/\/www.formacompost.fr\/espace-pro-accueil\/maisonjardin-formacompost-compostez-facilement-vos-dechets\/"},"author":{"name":"Formacompost","@id":"https:\/\/www.formacompost.fr\/espace-pro-accueil\/#\/schema\/person\/73a9ac96fffa7221d01db02cc9213af3"},"headline":"MAISON&#038;JARDIN : Formacompost , composteR facilement vos d\u00e9chets !","datePublished":"2022-05-02T10:04:54+00:00","dateModified":"2022-06-21T09:17:33+00:00","mainEntityOfPage":{"@id":"https:\/\/www.formacompost.fr\/espace-pro-accueil\/maisonjardin-formacompost-compostez-facilement-vos-dechets\/"},"wordCount":486,"publisher":{"@id":"https:\/\/www.formacompost.fr\/espace-pro-accueil\/#organization"},"image":{"@id":"NULL#primaryimage"},"thumbnailUrl":"https:\/\/www.formacompost.fr\/wp-content\/uploads\/2022\/05\/Plan-de-travail-1.png","articleSection":["On parle de nous"],"inLanguage":"fr-FR"},{"@type":["WebPage","NULL"],"@id":"https:\/\/www.formacompost.fr\/espace-pro-accueil\/maisonjardin-formacompost-compostez-facilement-vos-dechets\/","url":"NULL","name":"MAISON&JARDIN : Formacompost , composteR facilement vos d\u00e9chets !","isPartOf":{"@id":"https:\/\/www.formacompost.fr\/espace-pro-accueil\/#website"},"primaryImageOfPage":{"@id":"NULL#primaryimage"},"image":{"@id":"NULL#primaryimage"},"thumbnailUrl":"https:\/\/www.formacompost.fr\/wp-content\/uploads\/2022\/05\/Plan-de-travail-1.png","datePublished":"2022-05-02T10:04:54+00:00","dateModified":"2022-06-21T09:17:33+00:00","description":"Composter facilement l\u2019int\u00e9gralit\u00e9 de vos d\u00e9chets alimentaires avec un produit con\u00e7u et fabriqu\u00e9 en France \u00e0 partir de plastique recycl\u00e9.","breadcrumb":{"@id":"NULL#breadcrumb"},"inLanguage":"fr-FR","potentialAction":[{"@type":"ReadAction","target":["NULL"]}]},{"@type":"ImageObject","inLanguage":"fr-FR","@id":"NULL#primaryimage","url":"https:\/\/www.formacompost.fr\/wp-content\/uploads\/2022\/05\/Plan-de-travail-1.png","contentUrl":"https:\/\/www.formacompost.fr\/wp-content\/uploads\/2022\/05\/Plan-de-travail-1.png","width":343,"height":336},{"@type":"BreadcrumbList","@id":"NULL#breadcrumb","itemListElement":[{"@type":"ListItem","position":1,"name":"Accueil","item":"https:\/\/www.formacompost.fr\/espace-pro-accueil\/"},{"@type":"ListItem","position":2,"name":"MAISON&#038;JARDIN : Formacompost , composteR facilement vos d\u00e9chets !"}]},{"@type":"WebSite","@id":"https:\/\/www.formacompost.fr\/espace-pro-accueil\/#website","url":"https:\/\/www.formacompost.fr\/espace-pro-accueil\/","name":"FORMACOMPOST","description":"Notre m\u00e9tier, la pr\u00e9vention des d\u00e9chets. L&#039;innovation notre motivation","publisher":{"@id":"https:\/\/www.formacompost.fr\/espace-pro-accueil\/#organization"},"potentialAction":[{"@type":"SearchAction","target":{"@type":"EntryPoint","urlTemplate":"https:\/\/www.formacompost.fr\/espace-pro-accueil\/?s={search_term_string}"},"query-input":{"@type":"PropertyValueSpecification","valueRequired":true,"valueName":"search_term_string"}}],"inLanguage":"fr-FR"},{"@type":"Organization","@id":"https:\/\/www.formacompost.fr\/espace-pro-accueil\/#organization","name":"Formacompost","url":"https:\/\/www.formacompost.fr\/espace-pro-accueil\/","logo":{"@type":"ImageObject","inLanguage":"fr-FR","@id":"https:\/\/www.formacompost.fr\/espace-pro-accueil\/#\/schema\/logo\/image\/","url":"https:\/\/www.formacompost.fr\/wp-content\/uploads\/2020\/03\/logo.png","contentUrl":"https:\/\/www.formacompost.fr\/wp-content\/uploads\/2020\/03\/logo.png","width":431,"height":154,"caption":"Formacompost"},"image":{"@id":"https:\/\/www.formacompost.fr\/espace-pro-accueil\/#\/schema\/logo\/image\/"}},{"@type":"Person","@id":"https:\/\/www.formacompost.fr\/espace-pro-accueil\/#\/schema\/person\/73a9ac96fffa7221d01db02cc9213af3","name":"Formacompost","image":{"@type":"ImageObject","inLanguage":"fr-FR","@id":"https:\/\/secure.gravatar.com\/avatar\/5fe7b001c00922d824cf6e4599ce4f1c74ab2625010ae661417858b1ac5f17b5?s=96&d=mm&r=g","url":"https:\/\/secure.gravatar.com\/avatar\/5fe7b001c00922d824cf6e4599ce4f1c74ab2625010ae661417858b1ac5f17b5?s=96&d=mm&r=g","contentUrl":"https:\/\/secure.gravatar.com\/avatar\/5fe7b001c00922d824cf6e4599ce4f1c74ab2625010ae661417858b1ac5f17b5?s=96&d=mm&r=g","caption":"Formacompost"},"url":"https:\/\/www.formacompost.fr\/espace-pro-accueil\/author\/christophe\/"}]}},"jetpack_featured_media_url":"https:\/\/www.formacompost.fr\/wp-content\/uploads\/2022\/05\/Plan-de-travail-1.png","jetpack_sharing_enabled":true,"_links":{"self":[{"href":"https:\/\/www.formacompost.fr\/espace-pro-accueil\/wp-json\/wp\/v2\/posts\/5536","targetHints":{"allow":["GET"]}}],"collection":[{"href":"https:\/\/www.formacompost.fr\/espace-pro-accueil\/wp-json\/wp\/v2\/posts"}],"about":[{"href":"https:\/\/www.formacompost.fr\/espace-pro-accueil\/wp-json\/wp\/v2\/types\/post"}],"author":[{"embeddable":true,"href":"https:\/\/www.formacompost.fr\/espace-pro-accueil\/wp-json\/wp\/v2\/users\/2"}],"replies":[{"embeddable":true,"href":"https:\/\/www.formacompost.fr\/espace-pro-accueil\/wp-json\/wp\/v2\/comments?post=5536"}],"version-history":[{"count":97,"href":"https:\/\/www.formacompost.fr\/espace-pro-accueil\/wp-json\/wp\/v2\/posts\/5536\/revisions"}],"predecessor-version":[{"id":5660,"href":"https:\/\/www.formacompost.fr\/espace-pro-accueil\/wp-json\/wp\/v2\/posts\/5536\/revisions\/5660"}],"wp:featuredmedia":[{"embeddable":true,"href":"https:\/\/www.formacompost.fr\/espace-pro-accueil\/wp-json\/wp\/v2\/media\/7769"}],"wp:attachment":[{"href":"https:\/\/www.formacompost.fr\/espace-pro-accueil\/wp-json\/wp\/v2\/media?parent=5536"}],"wp:term":[{"taxonomy":"category","embeddable":true,"href":"https:\/\/www.formacompost.fr\/espace-pro-accueil\/wp-json\/wp\/v2\/categories?post=5536"},{"taxonomy":"post_tag","embeddable":true,"href":"https:\/\/www.formacompost.fr\/espace-pro-accueil\/wp-json\/wp\/v2\/tags?post=5536"}],"curies":[{"name":"wp","href":"https:\/\/api.w.org\/{rel}","templated":true}]}}