{"id":194,"date":"2020-04-25T11:00:05","date_gmt":"2020-04-25T09:00:05","guid":{"rendered":"http:\/\/formacompost.iticonseil.com\/?p=194"},"modified":"2021-02-01T09:27:01","modified_gmt":"2021-02-01T08:27:01","slug":"formacompost-se-developpe-formacompost-recrute","status":"publish","type":"post","link":"https:\/\/www.formacompost.fr\/espace-pro-accueil\/formacompost-se-developpe-formacompost-recrute\/","title":{"rendered":"Formacompost se d\u00e9veloppe, Formacompost recrute"},"content":{"rendered":"\n<p>L<strong>a st\u00e9 Formacompost  est sp\u00e9cialis\u00e9e dans la pr\u00e9vention des d\u00e9chets organiques par ses formations, prestations et vente de composteurs.<\/strong><\/p>\n\n\n\n<p>Nous avons d\u00e9pos\u00e9s trois brevets sur des composteurs innovants pour valoriser les d\u00e9chets alimentaires \u00e0 la source que ce soit chez les particuliers ou gros producteurs.<\/p>\n\n\n\n<p>La st\u00e9 souhaite renforcer son \u00e9quipe pour accompagner son d\u00e9veloppement en France avec son premier mod\u00e8le commercialis\u00e9, le CULBUTO 1000.<\/p>\n\n\n\n<h2 class=\"wp-block-heading\">DESCRIPTION DE LA MISSION <\/h2>\n\n\n\n<p><strong>Prospection et vente de solutions de traitement des biod\u00e9chets in situ.<\/strong><\/p>\n\n\n\n<p>Le charg\u00e9 d&rsquo;affaire, devra prospecter aupr\u00e8s des collectivit\u00e9s locales, des professionnels de la restauration collective et commerciale, ainsi que les bureaux d&rsquo;\u00e9tudes sp\u00e9cialis\u00e9s. <\/p>\n\n\n\n<ul class=\"wp-block-list\"><li>Prospection et qualification de fichiers prospects <\/li><li> Conception, envoi et suivi de campagnes commerciales (prospection, relances\u2026) <\/li><li> RDV prospects \/ relation clients <\/li><li> Participation \u00e0 des \u00e9v\u00e9nements commerciaux (salons, manifestations publiques\u2026)<\/li><\/ul>\n\n\n\n<h2 class=\"wp-block-heading\">COMP\u00c9TENCES REQUISES DU PROFIL <\/h2>\n\n\n\n<ul class=\"wp-block-list\"><li>Sens commercial, go\u00fbt du contact. <\/li><li> Comp\u00e9tences et exp\u00e9riences sur la pr\u00e9vention des d\u00e9chets organiques.<\/li><li> A l&rsquo;aise avec les outils informatiques, organis\u00e9 et rigoureux.<\/li><li> R\u00e9ponses aux appels d\u2019offres, et appels \u00e0 projets, ou r\u00e9daction de projets techniques et commerciaux<\/li><\/ul>\n\n\n\n<p>Des comp\u00e9tences en formation (r\u00e9f\u00e9rentiel ADEME) sont aussi des comp\u00e9tences qui peuvent faire \u00e9voluer le poste.<\/p>\n\n\n\n<h2 class=\"wp-block-heading\">CLIENT\u00c8LE CIBL\u00c9E <\/h2>\n\n\n\n<p>Collectivit\u00e9s, Lyc\u00e9es, Coll\u00e8ges, Restaurants d&rsquo;entreprises, cuisines centrales, centres hospitaliers, maisons de retraites, caf\u00e9t\u00e9rias, restaurants commerciaux, \u2026<\/p>\n\n\n\n<h2 class=\"wp-block-heading\">DESCRIPTION DES  PRODUITS :<\/h2>\n\n\n\n<ul class=\"wp-block-list\"><li>Notre offre se compose d&rsquo;un composteur innovant, rotatif, \u00e9tanche, chauff\u00e9, d&rsquo;une capacit\u00e9 de 1000L pouvant traiter  100kg de d\u00e9chets organiques par semaine.<\/li><li> Deux autres produits de capacit\u00e9s 100 L et 3000 L sont en cours de d\u00e9veloppement <\/li><li> Jardini\u00e8res hautes pour la valorisation du compost <\/li><\/ul>\n\n\n\n<h2 class=\"wp-block-heading\">CONDITIONS D&rsquo;EMBAUCHE : <\/h2>\n\n\n\n<ul class=\"wp-block-list\"><li>SALAIRE fixe + PRIMES<\/li><\/ul>\n\n\n\n<ul class=\"wp-block-list\"><li>Contrat avec t\u00e9l\u00e9- travail :CDD 3 mois renouvelable + CDI<\/li><\/ul>\n\n\n\n<ul class=\"wp-block-list\"><li>OUTILS D&rsquo;AIDE \u00c0 LA VENTE : Assistance, Formation, documentation, T\u00e9l\u00e9phone et ordinateur portables + frais de d\u00e9placement <\/li><\/ul>\n\n\n\n<h2 class=\"wp-block-heading\">SECTEUR G\u00c9OGRAPHIQUE : <\/h2>\n\n\n\n<ul class=\"wp-block-list\"><li>R\u00e9gions Bourgogne et limitrophes .<\/li><li>\u00e0 d\u00e9finir, disponibilit\u00e9 et mobilit\u00e9 appr\u00e9ci\u00e9e.<\/li><\/ul>\n\n\n\n<p>Envoyez CV et lettre \u00e0 : Formacompost<br> Tel : 03 86 58 62 16  &amp;  <a href=\"mailto:bureau.formacompost@gmail.com\">mail<\/a> <\/p>\n","protected":false},"excerpt":{"rendered":"<p>La st\u00e9 Formacompost est sp\u00e9cialis\u00e9e dans la pr\u00e9vention des d\u00e9chets organiques par ses formations, prestations et vente de composteurs. Nous avons d\u00e9pos\u00e9s trois brevets sur des composteurs innovants pour valoriser les d\u00e9chets alimentaires \u00e0 la source que ce soit chez les particuliers ou gros producteurs. La st\u00e9 souhaite renforcer son \u00e9quipe pour accompagner son d\u00e9veloppement &#8230; <a title=\"Formacompost se d\u00e9veloppe, Formacompost recrute\" class=\"read-more\" href=\"https:\/\/www.formacompost.fr\/espace-pro-accueil\/formacompost-se-developpe-formacompost-recrute\/\" aria-label=\"En savoir plus sur Formacompost se d\u00e9veloppe, Formacompost recrute\">Lire la suite<\/a><\/p>\n","protected":false},"author":1,"featured_media":450,"comment_status":"closed","ping_status":"closed","sticky":false,"template":"","format":"standard","meta":{"_jetpack_memberships_contains_paid_content":false,"footnotes":""},"categories":[1],"tags":[],"class_list":["post-194","post","type-post","status-publish","format-standard","has-post-thumbnail","hentry","category-la-vie-de-formacompost"],"yoast_head":"<!-- This site is optimized with the Yoast SEO plugin v27.5 - https:\/\/yoast.com\/product\/yoast-seo-wordpress\/ -->\n<title>NULL<\/title>\n<meta name=\"description\" content=\"NULL\" \/>\n<meta name=\"robots\" content=\"index, follow, max-snippet:-1, max-image-preview:large, max-video-preview:-1\" \/>\n<link rel=\"canonical\" href=\"http:\/\/NULL\" \/>\n<meta property=\"og:locale\" content=\"fr_FR\" \/>\n<meta property=\"og:type\" content=\"article\" \/>\n<meta property=\"og:title\" content=\"NULL\" \/>\n<meta property=\"og:description\" content=\"NULL\" \/>\n<meta property=\"og:url\" content=\"NULL\" \/>\n<meta property=\"og:site_name\" content=\"FORMACOMPOST\" \/>\n<meta property=\"article:published_time\" content=\"2020-04-25T09:00:05+00:00\" \/>\n<meta property=\"article:modified_time\" content=\"2021-02-01T08:27:01+00:00\" \/>\n<meta property=\"og:image\" content=\"https:\/\/www.formacompost.fr\/wp-content\/uploads\/2020\/03\/image-Emploi-1.jpeg\" \/>\n\t<meta property=\"og:image:width\" content=\"308\" \/>\n\t<meta property=\"og:image:height\" content=\"164\" \/>\n\t<meta property=\"og:image:type\" content=\"image\/jpeg\" \/>\n<meta name=\"author\" content=\"display_name\" \/>\n<meta name=\"twitter:card\" content=\"summary_large_image\" \/>\n<meta name=\"twitter:title\" content=\"NULL\" \/>\n<meta name=\"twitter:description\" content=\"NULL\" \/>\n<meta name=\"twitter:label1\" content=\"\u00c9crit par\" \/>\n\t<meta name=\"twitter:data1\" content=\"display_name\" \/>\n<script type=\"application\/ld+json\" class=\"yoast-schema-graph\">{\"@context\":\"https:\\\/\\\/schema.org\",\"@graph\":[{\"@type\":\"Article\",\"@id\":\"NULL#article\",\"isPartOf\":{\"@id\":\"https:\\\/\\\/www.formacompost.fr\\\/espace-pro-accueil\\\/formacompost-se-developpe-formacompost-recrute\\\/\"},\"author\":{\"name\":\"display_name\",\"@id\":\"https:\\\/\\\/www.formacompost.fr\\\/espace-pro-accueil\\\/#\\\/schema\\\/person\\\/7cfcacebbb88f5dec569aec6a1097618\"},\"headline\":\"Formacompost se d\u00e9veloppe, Formacompost recrute\",\"datePublished\":\"2020-04-25T09:00:05+00:00\",\"dateModified\":\"2021-02-01T08:27:01+00:00\",\"mainEntityOfPage\":{\"@id\":\"https:\\\/\\\/www.formacompost.fr\\\/espace-pro-accueil\\\/formacompost-se-developpe-formacompost-recrute\\\/\"},\"wordCount\":348,\"publisher\":{\"@id\":\"https:\\\/\\\/www.formacompost.fr\\\/espace-pro-accueil\\\/#organization\"},\"image\":{\"@id\":\"NULL#primaryimage\"},\"thumbnailUrl\":\"https:\\\/\\\/www.formacompost.fr\\\/wp-content\\\/uploads\\\/2020\\\/03\\\/image-Emploi-1.jpeg\",\"articleSection\":[\"La vie de Formacompost\"],\"inLanguage\":\"fr-FR\"},{\"@type\":[\"WebPage\",\"NULL\"],\"@id\":\"https:\\\/\\\/www.formacompost.fr\\\/espace-pro-accueil\\\/formacompost-se-developpe-formacompost-recrute\\\/\",\"url\":\"NULL\",\"name\":\"NULL\",\"isPartOf\":{\"@id\":\"https:\\\/\\\/www.formacompost.fr\\\/espace-pro-accueil\\\/#website\"},\"primaryImageOfPage\":{\"@id\":\"NULL#primaryimage\"},\"image\":{\"@id\":\"NULL#primaryimage\"},\"thumbnailUrl\":\"https:\\\/\\\/www.formacompost.fr\\\/wp-content\\\/uploads\\\/2020\\\/03\\\/image-Emploi-1.jpeg\",\"datePublished\":\"2020-04-25T09:00:05+00:00\",\"dateModified\":\"2021-02-01T08:27:01+00:00\",\"description\":\"NULL\",\"breadcrumb\":{\"@id\":\"NULL#breadcrumb\"},\"inLanguage\":\"fr-FR\",\"potentialAction\":[{\"@type\":\"ReadAction\",\"target\":[\"NULL\"]}]},{\"@type\":\"ImageObject\",\"inLanguage\":\"fr-FR\",\"@id\":\"NULL#primaryimage\",\"url\":\"https:\\\/\\\/www.formacompost.fr\\\/wp-content\\\/uploads\\\/2020\\\/03\\\/image-Emploi-1.jpeg\",\"contentUrl\":\"https:\\\/\\\/www.formacompost.fr\\\/wp-content\\\/uploads\\\/2020\\\/03\\\/image-Emploi-1.jpeg\",\"width\":308,\"height\":164},{\"@type\":\"BreadcrumbList\",\"@id\":\"NULL#breadcrumb\",\"itemListElement\":[{\"@type\":\"ListItem\",\"position\":1,\"name\":\"Accueil\",\"item\":\"https:\\\/\\\/www.formacompost.fr\\\/espace-pro-accueil\\\/\"},{\"@type\":\"ListItem\",\"position\":2,\"name\":\"Formacompost se d\u00e9veloppe, Formacompost recrute\"}]},{\"@type\":\"WebSite\",\"@id\":\"https:\\\/\\\/www.formacompost.fr\\\/espace-pro-accueil\\\/#website\",\"url\":\"https:\\\/\\\/www.formacompost.fr\\\/espace-pro-accueil\\\/\",\"name\":\"FORMACOMPOST\",\"description\":\"Notre m\u00e9tier, la pr\u00e9vention des d\u00e9chets. L&#039;innovation notre motivation\",\"publisher\":{\"@id\":\"https:\\\/\\\/www.formacompost.fr\\\/espace-pro-accueil\\\/#organization\"},\"potentialAction\":[{\"@type\":\"SearchAction\",\"target\":{\"@type\":\"EntryPoint\",\"urlTemplate\":\"https:\\\/\\\/www.formacompost.fr\\\/espace-pro-accueil\\\/?s={search_term_string}\"},\"query-input\":{\"@type\":\"PropertyValueSpecification\",\"valueRequired\":true,\"valueName\":\"search_term_string\"}}],\"inLanguage\":\"fr-FR\"},{\"@type\":\"Organization\",\"@id\":\"https:\\\/\\\/www.formacompost.fr\\\/espace-pro-accueil\\\/#organization\",\"name\":\"Formacompost\",\"url\":\"https:\\\/\\\/www.formacompost.fr\\\/espace-pro-accueil\\\/\",\"logo\":{\"@type\":\"ImageObject\",\"inLanguage\":\"fr-FR\",\"@id\":\"https:\\\/\\\/www.formacompost.fr\\\/espace-pro-accueil\\\/#\\\/schema\\\/logo\\\/image\\\/\",\"url\":\"https:\\\/\\\/www.formacompost.fr\\\/wp-content\\\/uploads\\\/2020\\\/03\\\/logo.png\",\"contentUrl\":\"https:\\\/\\\/www.formacompost.fr\\\/wp-content\\\/uploads\\\/2020\\\/03\\\/logo.png\",\"width\":431,\"height\":154,\"caption\":\"Formacompost\"},\"image\":{\"@id\":\"https:\\\/\\\/www.formacompost.fr\\\/espace-pro-accueil\\\/#\\\/schema\\\/logo\\\/image\\\/\"}},{\"@type\":\"Person\",\"@id\":\"https:\\\/\\\/www.formacompost.fr\\\/espace-pro-accueil\\\/#\\\/schema\\\/person\\\/7cfcacebbb88f5dec569aec6a1097618\",\"name\":\"display_name\",\"image\":{\"@type\":\"ImageObject\",\"inLanguage\":\"fr-FR\",\"@id\":\"https:\\\/\\\/secure.gravatar.com\\\/avatar\\\/13196defed9657f044ada10b06dab9d302afc115f6230723052852d9f62922ef?s=96&d=mm&r=g\",\"url\":\"https:\\\/\\\/secure.gravatar.com\\\/avatar\\\/13196defed9657f044ada10b06dab9d302afc115f6230723052852d9f62922ef?s=96&d=mm&r=g\",\"contentUrl\":\"https:\\\/\\\/secure.gravatar.com\\\/avatar\\\/13196defed9657f044ada10b06dab9d302afc115f6230723052852d9f62922ef?s=96&d=mm&r=g\",\"caption\":\"display_name\"},\"sameAs\":[\"user_url\"],\"url\":\"https:\\\/\\\/www.formacompost.fr\\\/espace-pro-accueil\\\/author\\\/user_nicename\\\/\"}]}<\/script>\n<!-- \/ Yoast SEO plugin. -->","yoast_head_json":{"title":"NULL","description":"NULL","robots":{"index":"index","follow":"follow","max-snippet":"max-snippet:-1","max-image-preview":"max-image-preview:large","max-video-preview":"max-video-preview:-1"},"canonical":"NULL","og_locale":"fr_FR","og_type":"article","og_title":"NULL","og_description":"NULL","og_url":"NULL","og_site_name":"FORMACOMPOST","article_published_time":"2020-04-25T09:00:05+00:00","article_modified_time":"2021-02-01T08:27:01+00:00","og_image":[{"width":308,"height":164,"url":"https:\/\/www.formacompost.fr\/wp-content\/uploads\/2020\/03\/image-Emploi-1.jpeg","type":"image\/jpeg"}],"author":"display_name","twitter_card":"summary_large_image","twitter_title":"NULL","twitter_description":"NULL","twitter_misc":{"\u00c9crit par":"display_name"},"schema":{"@context":"https:\/\/schema.org","@graph":[{"@type":"Article","@id":"NULL#article","isPartOf":{"@id":"https:\/\/www.formacompost.fr\/espace-pro-accueil\/formacompost-se-developpe-formacompost-recrute\/"},"author":{"name":"display_name","@id":"https:\/\/www.formacompost.fr\/espace-pro-accueil\/#\/schema\/person\/7cfcacebbb88f5dec569aec6a1097618"},"headline":"Formacompost se d\u00e9veloppe, Formacompost recrute","datePublished":"2020-04-25T09:00:05+00:00","dateModified":"2021-02-01T08:27:01+00:00","mainEntityOfPage":{"@id":"https:\/\/www.formacompost.fr\/espace-pro-accueil\/formacompost-se-developpe-formacompost-recrute\/"},"wordCount":348,"publisher":{"@id":"https:\/\/www.formacompost.fr\/espace-pro-accueil\/#organization"},"image":{"@id":"NULL#primaryimage"},"thumbnailUrl":"https:\/\/www.formacompost.fr\/wp-content\/uploads\/2020\/03\/image-Emploi-1.jpeg","articleSection":["La vie de Formacompost"],"inLanguage":"fr-FR"},{"@type":["WebPage","NULL"],"@id":"https:\/\/www.formacompost.fr\/espace-pro-accueil\/formacompost-se-developpe-formacompost-recrute\/","url":"NULL","name":"NULL","isPartOf":{"@id":"https:\/\/www.formacompost.fr\/espace-pro-accueil\/#website"},"primaryImageOfPage":{"@id":"NULL#primaryimage"},"image":{"@id":"NULL#primaryimage"},"thumbnailUrl":"https:\/\/www.formacompost.fr\/wp-content\/uploads\/2020\/03\/image-Emploi-1.jpeg","datePublished":"2020-04-25T09:00:05+00:00","dateModified":"2021-02-01T08:27:01+00:00","description":"NULL","breadcrumb":{"@id":"NULL#breadcrumb"},"inLanguage":"fr-FR","potentialAction":[{"@type":"ReadAction","target":["NULL"]}]},{"@type":"ImageObject","inLanguage":"fr-FR","@id":"NULL#primaryimage","url":"https:\/\/www.formacompost.fr\/wp-content\/uploads\/2020\/03\/image-Emploi-1.jpeg","contentUrl":"https:\/\/www.formacompost.fr\/wp-content\/uploads\/2020\/03\/image-Emploi-1.jpeg","width":308,"height":164},{"@type":"BreadcrumbList","@id":"NULL#breadcrumb","itemListElement":[{"@type":"ListItem","position":1,"name":"Accueil","item":"https:\/\/www.formacompost.fr\/espace-pro-accueil\/"},{"@type":"ListItem","position":2,"name":"Formacompost se d\u00e9veloppe, Formacompost recrute"}]},{"@type":"WebSite","@id":"https:\/\/www.formacompost.fr\/espace-pro-accueil\/#website","url":"https:\/\/www.formacompost.fr\/espace-pro-accueil\/","name":"FORMACOMPOST","description":"Notre m\u00e9tier, la pr\u00e9vention des d\u00e9chets. L&#039;innovation notre motivation","publisher":{"@id":"https:\/\/www.formacompost.fr\/espace-pro-accueil\/#organization"},"potentialAction":[{"@type":"SearchAction","target":{"@type":"EntryPoint","urlTemplate":"https:\/\/www.formacompost.fr\/espace-pro-accueil\/?s={search_term_string}"},"query-input":{"@type":"PropertyValueSpecification","valueRequired":true,"valueName":"search_term_string"}}],"inLanguage":"fr-FR"},{"@type":"Organization","@id":"https:\/\/www.formacompost.fr\/espace-pro-accueil\/#organization","name":"Formacompost","url":"https:\/\/www.formacompost.fr\/espace-pro-accueil\/","logo":{"@type":"ImageObject","inLanguage":"fr-FR","@id":"https:\/\/www.formacompost.fr\/espace-pro-accueil\/#\/schema\/logo\/image\/","url":"https:\/\/www.formacompost.fr\/wp-content\/uploads\/2020\/03\/logo.png","contentUrl":"https:\/\/www.formacompost.fr\/wp-content\/uploads\/2020\/03\/logo.png","width":431,"height":154,"caption":"Formacompost"},"image":{"@id":"https:\/\/www.formacompost.fr\/espace-pro-accueil\/#\/schema\/logo\/image\/"}},{"@type":"Person","@id":"https:\/\/www.formacompost.fr\/espace-pro-accueil\/#\/schema\/person\/7cfcacebbb88f5dec569aec6a1097618","name":"display_name","image":{"@type":"ImageObject","inLanguage":"fr-FR","@id":"https:\/\/secure.gravatar.com\/avatar\/13196defed9657f044ada10b06dab9d302afc115f6230723052852d9f62922ef?s=96&d=mm&r=g","url":"https:\/\/secure.gravatar.com\/avatar\/13196defed9657f044ada10b06dab9d302afc115f6230723052852d9f62922ef?s=96&d=mm&r=g","contentUrl":"https:\/\/secure.gravatar.com\/avatar\/13196defed9657f044ada10b06dab9d302afc115f6230723052852d9f62922ef?s=96&d=mm&r=g","caption":"display_name"},"sameAs":["user_url"],"url":"https:\/\/www.formacompost.fr\/espace-pro-accueil\/author\/user_nicename\/"}]}},"jetpack_featured_media_url":"https:\/\/www.formacompost.fr\/wp-content\/uploads\/2020\/03\/image-Emploi-1.jpeg","jetpack_sharing_enabled":true,"_links":{"self":[{"href":"https:\/\/www.formacompost.fr\/espace-pro-accueil\/wp-json\/wp\/v2\/posts\/194","targetHints":{"allow":["GET"]}}],"collection":[{"href":"https:\/\/www.formacompost.fr\/espace-pro-accueil\/wp-json\/wp\/v2\/posts"}],"about":[{"href":"https:\/\/www.formacompost.fr\/espace-pro-accueil\/wp-json\/wp\/v2\/types\/post"}],"author":[{"embeddable":true,"href":"https:\/\/www.formacompost.fr\/espace-pro-accueil\/wp-json\/wp\/v2\/users\/1"}],"replies":[{"embeddable":true,"href":"https:\/\/www.formacompost.fr\/espace-pro-accueil\/wp-json\/wp\/v2\/comments?post=194"}],"version-history":[{"count":1,"href":"https:\/\/www.formacompost.fr\/espace-pro-accueil\/wp-json\/wp\/v2\/posts\/194\/revisions"}],"predecessor-version":[{"id":195,"href":"https:\/\/www.formacompost.fr\/espace-pro-accueil\/wp-json\/wp\/v2\/posts\/194\/revisions\/195"}],"wp:featuredmedia":[{"embeddable":true,"href":"https:\/\/www.formacompost.fr\/espace-pro-accueil\/wp-json\/wp\/v2\/media\/450"}],"wp:attachment":[{"href":"https:\/\/www.formacompost.fr\/espace-pro-accueil\/wp-json\/wp\/v2\/media?parent=194"}],"wp:term":[{"taxonomy":"category","embeddable":true,"href":"https:\/\/www.formacompost.fr\/espace-pro-accueil\/wp-json\/wp\/v2\/categories?post=194"},{"taxonomy":"post_tag","embeddable":true,"href":"https:\/\/www.formacompost.fr\/espace-pro-accueil\/wp-json\/wp\/v2\/tags?post=194"}],"curies":[{"name":"wp","href":"https:\/\/api.w.org\/{rel}","templated":true}]}}