{"id":192,"date":"2019-11-30T10:47:00","date_gmt":"2019-11-30T09:47:00","guid":{"rendered":"http:\/\/formacompost.iticonseil.com\/?p=192"},"modified":"2021-02-01T09:27:01","modified_gmt":"2021-02-01T08:27:01","slug":"formacompost-laureat-du-prix-de-la-meilleure-innovation","status":"publish","type":"post","link":"https:\/\/www.formacompost.fr\/espace-pro-accueil\/formacompost-laureat-du-prix-de-la-meilleure-innovation\/","title":{"rendered":"Formacompost laur\u00e9at du prix de la meilleure innovation"},"content":{"rendered":"\n<h2 class=\"wp-block-heading\">L&rsquo;innovation notre motivation !<\/h2>\n\n\n\n<p><strong>Formacompost laur\u00e9at du prix de la meilleure innovation Cat\u00e9gorie environnement \u00e0 l\u2019\u00e9dition SIIVIM France<\/strong>, se voit r\u00e9compenser avec l\u2019invitation d\u2019aller au SIIVIM Qu\u00e9bec \u00e0 Shawinigan du 13 au 15 novembre 2019.<\/p>\n\n\n\n<p>Jeudi 26 septembre, le maire de la Ville de Shawinigan, Michel Angers, et le pr\u00e9sident de Nevers Agglom\u00e9ration, Denis Thuriot, ont eu l&rsquo;honneur de remettre des bourses \u00e0 l&rsquo;issue du SIIViM \u00c9dition France.<\/p>\n\n\n\n<p><strong>Ce sont 10 entreprises innovantes qui b\u00e9n\u00e9ficient donc de pouvoir venir explorer le march\u00e9 qu\u00e9b\u00e9cois<\/strong> et de participer au SIIViM Shawinigan en novembre prochain.<\/p>\n\n\n\n<p>1\ufe0f\u20e3 Ville de Nevers<br> 2\ufe0f\u20e3 APEX DRONE<br> 3\ufe0f\u20e3 Move &amp; Charge<br> 4\ufe0f\u20e3 SAUR<br> 5\ufe0f\u20e3 FormaCompost<br> 6\ufe0f\u20e3 Lyc\u00e9e Jules Renard<br> 7\ufe0f\u20e3 Waoup Commerce<br> 8\ufe0f\u20e3 Bik&rsquo;air<br> 9\ufe0f\u20e3 atRea<\/p>\n","protected":false},"excerpt":{"rendered":"<p>L&rsquo;innovation notre motivation ! Formacompost laur\u00e9at du prix de la meilleure innovation Cat\u00e9gorie environnement \u00e0 l\u2019\u00e9dition SIIVIM France, se voit r\u00e9compenser avec l\u2019invitation d\u2019aller au SIIVIM Qu\u00e9bec \u00e0 Shawinigan du 13 au 15 novembre 2019. Jeudi 26 septembre, le maire de la Ville de Shawinigan, Michel Angers, et le pr\u00e9sident de Nevers Agglom\u00e9ration, Denis Thuriot, &#8230; <a title=\"Formacompost laur\u00e9at du prix de la meilleure innovation\" class=\"read-more\" href=\"https:\/\/www.formacompost.fr\/espace-pro-accueil\/formacompost-laureat-du-prix-de-la-meilleure-innovation\/\" aria-label=\"En savoir plus sur Formacompost laur\u00e9at du prix de la meilleure innovation\">Lire la suite<\/a><\/p>\n","protected":false},"author":1,"featured_media":452,"comment_status":"closed","ping_status":"closed","sticky":false,"template":"","format":"standard","meta":{"_jetpack_memberships_contains_paid_content":false,"footnotes":""},"categories":[1],"tags":[],"class_list":["post-192","post","type-post","status-publish","format-standard","has-post-thumbnail","hentry","category-la-vie-de-formacompost"],"yoast_head":"<!-- This site is optimized with the Yoast SEO plugin v27.5 - https:\/\/yoast.com\/product\/yoast-seo-wordpress\/ -->\n<title>NULL<\/title>\n<meta name=\"description\" content=\"NULL\" \/>\n<meta name=\"robots\" content=\"index, follow, max-snippet:-1, max-image-preview:large, max-video-preview:-1\" \/>\n<link rel=\"canonical\" href=\"http:\/\/NULL\" \/>\n<meta property=\"og:locale\" content=\"fr_FR\" \/>\n<meta property=\"og:type\" content=\"article\" \/>\n<meta property=\"og:title\" content=\"NULL\" \/>\n<meta property=\"og:description\" content=\"NULL\" \/>\n<meta property=\"og:url\" content=\"NULL\" \/>\n<meta property=\"og:site_name\" content=\"FORMACOMPOST\" \/>\n<meta property=\"article:published_time\" content=\"2019-11-30T09:47:00+00:00\" \/>\n<meta property=\"article:modified_time\" content=\"2021-02-01T08:27:01+00:00\" \/>\n<meta property=\"og:image\" content=\"https:\/\/www.formacompost.fr\/wp-content\/uploads\/2019\/11\/PRIX-SIIVIM.jpg\" \/>\n\t<meta property=\"og:image:width\" content=\"1944\" \/>\n\t<meta property=\"og:image:height\" content=\"1296\" \/>\n\t<meta property=\"og:image:type\" content=\"image\/jpeg\" \/>\n<meta name=\"author\" content=\"display_name\" \/>\n<meta name=\"twitter:card\" content=\"summary_large_image\" \/>\n<meta name=\"twitter:title\" content=\"NULL\" \/>\n<meta name=\"twitter:description\" content=\"NULL\" \/>\n<meta name=\"twitter:label1\" content=\"\u00c9crit par\" \/>\n\t<meta name=\"twitter:data1\" content=\"display_name\" \/>\n<script type=\"application\/ld+json\" class=\"yoast-schema-graph\">{\"@context\":\"https:\\\/\\\/schema.org\",\"@graph\":[{\"@type\":\"Article\",\"@id\":\"NULL#article\",\"isPartOf\":{\"@id\":\"https:\\\/\\\/www.formacompost.fr\\\/espace-pro-accueil\\\/formacompost-laureat-du-prix-de-la-meilleure-innovation\\\/\"},\"author\":{\"name\":\"display_name\",\"@id\":\"https:\\\/\\\/www.formacompost.fr\\\/espace-pro-accueil\\\/#\\\/schema\\\/person\\\/7cfcacebbb88f5dec569aec6a1097618\"},\"headline\":\"Formacompost laur\u00e9at du prix de la meilleure innovation\",\"datePublished\":\"2019-11-30T09:47:00+00:00\",\"dateModified\":\"2021-02-01T08:27:01+00:00\",\"mainEntityOfPage\":{\"@id\":\"https:\\\/\\\/www.formacompost.fr\\\/espace-pro-accueil\\\/formacompost-laureat-du-prix-de-la-meilleure-innovation\\\/\"},\"wordCount\":123,\"publisher\":{\"@id\":\"https:\\\/\\\/www.formacompost.fr\\\/espace-pro-accueil\\\/#organization\"},\"image\":{\"@id\":\"NULL#primaryimage\"},\"thumbnailUrl\":\"https:\\\/\\\/www.formacompost.fr\\\/wp-content\\\/uploads\\\/2019\\\/11\\\/PRIX-SIIVIM.jpg\",\"articleSection\":[\"La vie de Formacompost\"],\"inLanguage\":\"fr-FR\"},{\"@type\":[\"WebPage\",\"NULL\"],\"@id\":\"https:\\\/\\\/www.formacompost.fr\\\/espace-pro-accueil\\\/formacompost-laureat-du-prix-de-la-meilleure-innovation\\\/\",\"url\":\"NULL\",\"name\":\"NULL\",\"isPartOf\":{\"@id\":\"https:\\\/\\\/www.formacompost.fr\\\/espace-pro-accueil\\\/#website\"},\"primaryImageOfPage\":{\"@id\":\"NULL#primaryimage\"},\"image\":{\"@id\":\"NULL#primaryimage\"},\"thumbnailUrl\":\"https:\\\/\\\/www.formacompost.fr\\\/wp-content\\\/uploads\\\/2019\\\/11\\\/PRIX-SIIVIM.jpg\",\"datePublished\":\"2019-11-30T09:47:00+00:00\",\"dateModified\":\"2021-02-01T08:27:01+00:00\",\"description\":\"NULL\",\"breadcrumb\":{\"@id\":\"NULL#breadcrumb\"},\"inLanguage\":\"fr-FR\",\"potentialAction\":[{\"@type\":\"ReadAction\",\"target\":[\"NULL\"]}]},{\"@type\":\"ImageObject\",\"inLanguage\":\"fr-FR\",\"@id\":\"NULL#primaryimage\",\"url\":\"https:\\\/\\\/www.formacompost.fr\\\/wp-content\\\/uploads\\\/2019\\\/11\\\/PRIX-SIIVIM.jpg\",\"contentUrl\":\"https:\\\/\\\/www.formacompost.fr\\\/wp-content\\\/uploads\\\/2019\\\/11\\\/PRIX-SIIVIM.jpg\",\"width\":1944,\"height\":1296},{\"@type\":\"BreadcrumbList\",\"@id\":\"NULL#breadcrumb\",\"itemListElement\":[{\"@type\":\"ListItem\",\"position\":1,\"name\":\"Accueil\",\"item\":\"https:\\\/\\\/www.formacompost.fr\\\/espace-pro-accueil\\\/\"},{\"@type\":\"ListItem\",\"position\":2,\"name\":\"Formacompost laur\u00e9at du prix de la meilleure innovation\"}]},{\"@type\":\"WebSite\",\"@id\":\"https:\\\/\\\/www.formacompost.fr\\\/espace-pro-accueil\\\/#website\",\"url\":\"https:\\\/\\\/www.formacompost.fr\\\/espace-pro-accueil\\\/\",\"name\":\"FORMACOMPOST\",\"description\":\"Notre m\u00e9tier, la pr\u00e9vention des d\u00e9chets. L&#039;innovation notre motivation\",\"publisher\":{\"@id\":\"https:\\\/\\\/www.formacompost.fr\\\/espace-pro-accueil\\\/#organization\"},\"potentialAction\":[{\"@type\":\"SearchAction\",\"target\":{\"@type\":\"EntryPoint\",\"urlTemplate\":\"https:\\\/\\\/www.formacompost.fr\\\/espace-pro-accueil\\\/?s={search_term_string}\"},\"query-input\":{\"@type\":\"PropertyValueSpecification\",\"valueRequired\":true,\"valueName\":\"search_term_string\"}}],\"inLanguage\":\"fr-FR\"},{\"@type\":\"Organization\",\"@id\":\"https:\\\/\\\/www.formacompost.fr\\\/espace-pro-accueil\\\/#organization\",\"name\":\"Formacompost\",\"url\":\"https:\\\/\\\/www.formacompost.fr\\\/espace-pro-accueil\\\/\",\"logo\":{\"@type\":\"ImageObject\",\"inLanguage\":\"fr-FR\",\"@id\":\"https:\\\/\\\/www.formacompost.fr\\\/espace-pro-accueil\\\/#\\\/schema\\\/logo\\\/image\\\/\",\"url\":\"https:\\\/\\\/www.formacompost.fr\\\/wp-content\\\/uploads\\\/2020\\\/03\\\/logo.png\",\"contentUrl\":\"https:\\\/\\\/www.formacompost.fr\\\/wp-content\\\/uploads\\\/2020\\\/03\\\/logo.png\",\"width\":431,\"height\":154,\"caption\":\"Formacompost\"},\"image\":{\"@id\":\"https:\\\/\\\/www.formacompost.fr\\\/espace-pro-accueil\\\/#\\\/schema\\\/logo\\\/image\\\/\"}},{\"@type\":\"Person\",\"@id\":\"https:\\\/\\\/www.formacompost.fr\\\/espace-pro-accueil\\\/#\\\/schema\\\/person\\\/7cfcacebbb88f5dec569aec6a1097618\",\"name\":\"display_name\",\"image\":{\"@type\":\"ImageObject\",\"inLanguage\":\"fr-FR\",\"@id\":\"https:\\\/\\\/secure.gravatar.com\\\/avatar\\\/13196defed9657f044ada10b06dab9d302afc115f6230723052852d9f62922ef?s=96&d=mm&r=g\",\"url\":\"https:\\\/\\\/secure.gravatar.com\\\/avatar\\\/13196defed9657f044ada10b06dab9d302afc115f6230723052852d9f62922ef?s=96&d=mm&r=g\",\"contentUrl\":\"https:\\\/\\\/secure.gravatar.com\\\/avatar\\\/13196defed9657f044ada10b06dab9d302afc115f6230723052852d9f62922ef?s=96&d=mm&r=g\",\"caption\":\"display_name\"},\"sameAs\":[\"user_url\"],\"url\":\"https:\\\/\\\/www.formacompost.fr\\\/espace-pro-accueil\\\/author\\\/user_nicename\\\/\"}]}<\/script>\n<!-- \/ Yoast SEO plugin. -->","yoast_head_json":{"title":"NULL","description":"NULL","robots":{"index":"index","follow":"follow","max-snippet":"max-snippet:-1","max-image-preview":"max-image-preview:large","max-video-preview":"max-video-preview:-1"},"canonical":"NULL","og_locale":"fr_FR","og_type":"article","og_title":"NULL","og_description":"NULL","og_url":"NULL","og_site_name":"FORMACOMPOST","article_published_time":"2019-11-30T09:47:00+00:00","article_modified_time":"2021-02-01T08:27:01+00:00","og_image":[{"width":1944,"height":1296,"url":"https:\/\/www.formacompost.fr\/wp-content\/uploads\/2019\/11\/PRIX-SIIVIM.jpg","type":"image\/jpeg"}],"author":"display_name","twitter_card":"summary_large_image","twitter_title":"NULL","twitter_description":"NULL","twitter_misc":{"\u00c9crit par":"display_name"},"schema":{"@context":"https:\/\/schema.org","@graph":[{"@type":"Article","@id":"NULL#article","isPartOf":{"@id":"https:\/\/www.formacompost.fr\/espace-pro-accueil\/formacompost-laureat-du-prix-de-la-meilleure-innovation\/"},"author":{"name":"display_name","@id":"https:\/\/www.formacompost.fr\/espace-pro-accueil\/#\/schema\/person\/7cfcacebbb88f5dec569aec6a1097618"},"headline":"Formacompost laur\u00e9at du prix de la meilleure innovation","datePublished":"2019-11-30T09:47:00+00:00","dateModified":"2021-02-01T08:27:01+00:00","mainEntityOfPage":{"@id":"https:\/\/www.formacompost.fr\/espace-pro-accueil\/formacompost-laureat-du-prix-de-la-meilleure-innovation\/"},"wordCount":123,"publisher":{"@id":"https:\/\/www.formacompost.fr\/espace-pro-accueil\/#organization"},"image":{"@id":"NULL#primaryimage"},"thumbnailUrl":"https:\/\/www.formacompost.fr\/wp-content\/uploads\/2019\/11\/PRIX-SIIVIM.jpg","articleSection":["La vie de Formacompost"],"inLanguage":"fr-FR"},{"@type":["WebPage","NULL"],"@id":"https:\/\/www.formacompost.fr\/espace-pro-accueil\/formacompost-laureat-du-prix-de-la-meilleure-innovation\/","url":"NULL","name":"NULL","isPartOf":{"@id":"https:\/\/www.formacompost.fr\/espace-pro-accueil\/#website"},"primaryImageOfPage":{"@id":"NULL#primaryimage"},"image":{"@id":"NULL#primaryimage"},"thumbnailUrl":"https:\/\/www.formacompost.fr\/wp-content\/uploads\/2019\/11\/PRIX-SIIVIM.jpg","datePublished":"2019-11-30T09:47:00+00:00","dateModified":"2021-02-01T08:27:01+00:00","description":"NULL","breadcrumb":{"@id":"NULL#breadcrumb"},"inLanguage":"fr-FR","potentialAction":[{"@type":"ReadAction","target":["NULL"]}]},{"@type":"ImageObject","inLanguage":"fr-FR","@id":"NULL#primaryimage","url":"https:\/\/www.formacompost.fr\/wp-content\/uploads\/2019\/11\/PRIX-SIIVIM.jpg","contentUrl":"https:\/\/www.formacompost.fr\/wp-content\/uploads\/2019\/11\/PRIX-SIIVIM.jpg","width":1944,"height":1296},{"@type":"BreadcrumbList","@id":"NULL#breadcrumb","itemListElement":[{"@type":"ListItem","position":1,"name":"Accueil","item":"https:\/\/www.formacompost.fr\/espace-pro-accueil\/"},{"@type":"ListItem","position":2,"name":"Formacompost laur\u00e9at du prix de la meilleure innovation"}]},{"@type":"WebSite","@id":"https:\/\/www.formacompost.fr\/espace-pro-accueil\/#website","url":"https:\/\/www.formacompost.fr\/espace-pro-accueil\/","name":"FORMACOMPOST","description":"Notre m\u00e9tier, la pr\u00e9vention des d\u00e9chets. L&#039;innovation notre motivation","publisher":{"@id":"https:\/\/www.formacompost.fr\/espace-pro-accueil\/#organization"},"potentialAction":[{"@type":"SearchAction","target":{"@type":"EntryPoint","urlTemplate":"https:\/\/www.formacompost.fr\/espace-pro-accueil\/?s={search_term_string}"},"query-input":{"@type":"PropertyValueSpecification","valueRequired":true,"valueName":"search_term_string"}}],"inLanguage":"fr-FR"},{"@type":"Organization","@id":"https:\/\/www.formacompost.fr\/espace-pro-accueil\/#organization","name":"Formacompost","url":"https:\/\/www.formacompost.fr\/espace-pro-accueil\/","logo":{"@type":"ImageObject","inLanguage":"fr-FR","@id":"https:\/\/www.formacompost.fr\/espace-pro-accueil\/#\/schema\/logo\/image\/","url":"https:\/\/www.formacompost.fr\/wp-content\/uploads\/2020\/03\/logo.png","contentUrl":"https:\/\/www.formacompost.fr\/wp-content\/uploads\/2020\/03\/logo.png","width":431,"height":154,"caption":"Formacompost"},"image":{"@id":"https:\/\/www.formacompost.fr\/espace-pro-accueil\/#\/schema\/logo\/image\/"}},{"@type":"Person","@id":"https:\/\/www.formacompost.fr\/espace-pro-accueil\/#\/schema\/person\/7cfcacebbb88f5dec569aec6a1097618","name":"display_name","image":{"@type":"ImageObject","inLanguage":"fr-FR","@id":"https:\/\/secure.gravatar.com\/avatar\/13196defed9657f044ada10b06dab9d302afc115f6230723052852d9f62922ef?s=96&d=mm&r=g","url":"https:\/\/secure.gravatar.com\/avatar\/13196defed9657f044ada10b06dab9d302afc115f6230723052852d9f62922ef?s=96&d=mm&r=g","contentUrl":"https:\/\/secure.gravatar.com\/avatar\/13196defed9657f044ada10b06dab9d302afc115f6230723052852d9f62922ef?s=96&d=mm&r=g","caption":"display_name"},"sameAs":["user_url"],"url":"https:\/\/www.formacompost.fr\/espace-pro-accueil\/author\/user_nicename\/"}]}},"jetpack_featured_media_url":"https:\/\/www.formacompost.fr\/wp-content\/uploads\/2019\/11\/PRIX-SIIVIM.jpg","jetpack_sharing_enabled":true,"_links":{"self":[{"href":"https:\/\/www.formacompost.fr\/espace-pro-accueil\/wp-json\/wp\/v2\/posts\/192","targetHints":{"allow":["GET"]}}],"collection":[{"href":"https:\/\/www.formacompost.fr\/espace-pro-accueil\/wp-json\/wp\/v2\/posts"}],"about":[{"href":"https:\/\/www.formacompost.fr\/espace-pro-accueil\/wp-json\/wp\/v2\/types\/post"}],"author":[{"embeddable":true,"href":"https:\/\/www.formacompost.fr\/espace-pro-accueil\/wp-json\/wp\/v2\/users\/1"}],"replies":[{"embeddable":true,"href":"https:\/\/www.formacompost.fr\/espace-pro-accueil\/wp-json\/wp\/v2\/comments?post=192"}],"version-history":[{"count":1,"href":"https:\/\/www.formacompost.fr\/espace-pro-accueil\/wp-json\/wp\/v2\/posts\/192\/revisions"}],"predecessor-version":[{"id":193,"href":"https:\/\/www.formacompost.fr\/espace-pro-accueil\/wp-json\/wp\/v2\/posts\/192\/revisions\/193"}],"wp:featuredmedia":[{"embeddable":true,"href":"https:\/\/www.formacompost.fr\/espace-pro-accueil\/wp-json\/wp\/v2\/media\/452"}],"wp:attachment":[{"href":"https:\/\/www.formacompost.fr\/espace-pro-accueil\/wp-json\/wp\/v2\/media?parent=192"}],"wp:term":[{"taxonomy":"category","embeddable":true,"href":"https:\/\/www.formacompost.fr\/espace-pro-accueil\/wp-json\/wp\/v2\/categories?post=192"},{"taxonomy":"post_tag","embeddable":true,"href":"https:\/\/www.formacompost.fr\/espace-pro-accueil\/wp-json\/wp\/v2\/tags?post=192"}],"curies":[{"name":"wp","href":"https:\/\/api.w.org\/{rel}","templated":true}]}}