{"id":190,"date":"2019-09-23T10:44:00","date_gmt":"2019-09-23T08:44:00","guid":{"rendered":"http:\/\/formacompost.iticonseil.com\/?p=190"},"modified":"2021-02-01T09:27:01","modified_gmt":"2021-02-01T08:27:01","slug":"salon-international-de-linnovation-a-nevers","status":"publish","type":"post","link":"https:\/\/www.formacompost.fr\/espace-pro-accueil\/salon-international-de-linnovation-a-nevers\/","title":{"rendered":"Salon International de l&rsquo;Innovation \u00e0 Nevers"},"content":{"rendered":"\n<p><em>FORMACOMPOST, entreprise nivernaise, sera pr\u00e9sente au Sommet International de l&rsquo;Innovation en villes m\u00e9dianes (SIIViM) le 26 septembre 2019 \u00e0 Nevers.<\/em><\/p>\n\n\n\n<p><strong>FORMACOMPOST, des solutions innovantes \u00ab\u00a0Low-Tech\u00a0\u00bb sobres, durables et r\u00e9siliantes.<\/strong><\/p>\n\n\n\n<h2 class=\"wp-block-heading\">VERS UNE VILLE PLUS \u00c9COLOGIQUE ET RESPECTUEUSE DE L\u2019ENVIRONNEMENT<\/h2>\n\n\n\n<p> Le rapport du GIEC sur le changement climatique est sans appel et d\u00e9crit les impacts du d\u00e9r\u00e8glement climatique, de la perte de biodiversit\u00e9, de l\u2019\u00e9rosion des sols sur les populations et leur s\u00e9curit\u00e9.<\/p>\n\n\n\n<p><strong>La Ville appara\u00eet d\u00e8s lors l\u2019\u00e9chelon id\u00e9al pour mener des actions concr\u00e8tes et modifier efficacement certains comportements nocifs pour l\u2019environnement<\/strong>, les citoyens et les entreprises.. Pour que les g\u00e9n\u00e9rations \u00e0 venir puissent vivre dans un \u00e9cosyst\u00e8me apais\u00e9 et apaisant , l\u2019Homme doit prot\u00e9ger ses ressources naturelles, pr\u00e9server la biodiversit\u00e9, et nettoyer son environnement. En cons\u00e9quence, la RSE occupe une place grandissante dans les entreprises. <\/p>\n\n\n\n<p><strong>Venez d\u00e9couvrir les innovations qui participeront \u00e0 mieux g\u00e9rer l\u2019eau et les d\u00e9chets dans votre ville<\/strong>, et qui vous aideront \u00e0 vous inscrire dans une dynamique de d\u00e9veloppement durable.<\/p>\n\n\n\n<h2 class=\"wp-block-heading\">Nos d\u00e9chets alimentaires, ne sont plus des ordures !<\/h2>\n\n\n\n<p><strong>Notre mat\u00e9riel, le CULBUTO, est un composteur innovant d\u00e9di\u00e9 \u00e0 la restauration collective ou commerciale<\/strong>.<\/p>\n\n\n\n<p>De grande capacit\u00e9 : Le Culbuto est dot\u00e9 de 2 cuves de 500 litres chacune. Cette capacit\u00e9 de 1000 L permet de recevoir environ 80 kg de d\u00e9chets organiques par semaine. <\/p>\n\n\n\n<ul class=\"wp-block-list\"><li>Ce <strong>syst\u00e8me rotatif de m\u00e9lange<\/strong> permet l&rsquo;a\u00e9ration n\u00e9cessaire et un brassage des mati\u00e8res, r\u00e9gulier et homog\u00e8ne. <\/li><li><strong>Le Culbuto est motoris\u00e9<\/strong>. On \u00e9vite ainsi le brassage manuel fastidieux, co\u00fbteux en temps et en main d&rsquo;oeuvre. A chaque apport, il est actionn\u00e9 \u00e0 l&rsquo;aide de sa t\u00e9l\u00e9commande. <\/li><li><strong>Chauff\u00e9<\/strong> : Un chauffage int\u00e9gr\u00e9 dans les parois permet un d\u00e9marrage plus rapide du processus de compostage. \u00c9quip\u00e9 d?un thermostat, il se d\u00e9clenche en dessous de 18\u00b0c et ne d\u00e9passe pas les 40\u00b0c. <\/li><li><strong>\u00c9tanche<\/strong> : Les cuves \u00e9tanches apportent un confort sanitaire et permettent de ma\u00eetriser de possibles odeurs ou jus. Les rongeurs et autres visiteurs ind\u00e9sirables ne peuvent y acc\u00e9der. <\/li><li><strong>Robuste et compact<\/strong> : Le Culbuto est une innovation \u00ab\u00a0Low-Tech\u00a0\u00bb sobre, durable et r\u00e9siliente, \u00e0 terme nous envisageons une garantie d\u00e9c\u00e9nale. cuves en polypropyl\u00e8ne recyclable, support en acier avec traitement \u00e9poxy, le tout fabriqu\u00e9 en France. Il mesure 1,70m de haut et occupe moins de 2m\u00b2 au sol.<\/li><\/ul>\n\n\n\n<p>Avec LE CULBUTO,  la restauration collective et commerciale peut maintenant valoriser in situ ses d\u00e9chets alimentaires pour en faire le meilleur des amendements organiques, du compost.<\/p>\n","protected":false},"excerpt":{"rendered":"<p>FORMACOMPOST, entreprise nivernaise, sera pr\u00e9sente au Sommet International de l&rsquo;Innovation en villes m\u00e9dianes (SIIViM) le 26 septembre 2019 \u00e0 Nevers. FORMACOMPOST, des solutions innovantes \u00ab\u00a0Low-Tech\u00a0\u00bb sobres, durables et r\u00e9siliantes. VERS UNE VILLE PLUS \u00c9COLOGIQUE ET RESPECTUEUSE DE L\u2019ENVIRONNEMENT Le rapport du GIEC sur le changement climatique est sans appel et d\u00e9crit les impacts du d\u00e9r\u00e8glement &#8230; <a title=\"Salon International de l&rsquo;Innovation \u00e0 Nevers\" class=\"read-more\" href=\"https:\/\/www.formacompost.fr\/espace-pro-accueil\/salon-international-de-linnovation-a-nevers\/\" aria-label=\"En savoir plus sur Salon International de l&rsquo;Innovation \u00e0 Nevers\">Lire la suite<\/a><\/p>\n","protected":false},"author":1,"featured_media":453,"comment_status":"closed","ping_status":"closed","sticky":false,"template":"","format":"standard","meta":{"_jetpack_memberships_contains_paid_content":false,"footnotes":""},"categories":[1],"tags":[],"class_list":["post-190","post","type-post","status-publish","format-standard","has-post-thumbnail","hentry","category-la-vie-de-formacompost"],"yoast_head":"<!-- This site is optimized with the Yoast SEO plugin v27.4 - https:\/\/yoast.com\/product\/yoast-seo-wordpress\/ -->\n<title>NULL<\/title>\n<meta name=\"description\" content=\"NULL\" \/>\n<meta name=\"robots\" content=\"index, follow, max-snippet:-1, max-image-preview:large, max-video-preview:-1\" \/>\n<link rel=\"canonical\" href=\"http:\/\/NULL\" \/>\n<meta property=\"og:locale\" content=\"fr_FR\" \/>\n<meta property=\"og:type\" content=\"article\" \/>\n<meta property=\"og:title\" content=\"NULL\" \/>\n<meta property=\"og:description\" content=\"NULL\" \/>\n<meta property=\"og:url\" content=\"NULL\" \/>\n<meta property=\"og:site_name\" content=\"FORMACOMPOST\" \/>\n<meta property=\"article:published_time\" content=\"2019-09-23T08:44:00+00:00\" \/>\n<meta property=\"article:modified_time\" content=\"2021-02-01T08:27:01+00:00\" \/>\n<meta property=\"og:image\" content=\"https:\/\/www.formacompost.fr\/wp-content\/uploads\/2019\/09\/inscriptionSIIVIM.jpg\" \/>\n\t<meta property=\"og:image:width\" content=\"2000\" \/>\n\t<meta property=\"og:image:height\" content=\"1202\" \/>\n\t<meta property=\"og:image:type\" content=\"image\/jpeg\" \/>\n<meta name=\"author\" content=\"display_name\" \/>\n<meta name=\"twitter:card\" content=\"summary_large_image\" \/>\n<meta name=\"twitter:title\" content=\"NULL\" \/>\n<meta name=\"twitter:description\" content=\"NULL\" \/>\n<meta name=\"twitter:label1\" content=\"\u00c9crit par\" \/>\n\t<meta name=\"twitter:data1\" content=\"display_name\" \/>\n<script type=\"application\/ld+json\" class=\"yoast-schema-graph\">{\"@context\":\"https:\\\/\\\/schema.org\",\"@graph\":[{\"@type\":\"Article\",\"@id\":\"NULL#article\",\"isPartOf\":{\"@id\":\"https:\\\/\\\/www.formacompost.fr\\\/espace-pro-accueil\\\/salon-international-de-linnovation-a-nevers\\\/\"},\"author\":{\"name\":\"display_name\",\"@id\":\"https:\\\/\\\/www.formacompost.fr\\\/espace-pro-accueil\\\/#\\\/schema\\\/person\\\/7cfcacebbb88f5dec569aec6a1097618\"},\"headline\":\"Salon International de l&rsquo;Innovation \u00e0 Nevers\",\"datePublished\":\"2019-09-23T08:44:00+00:00\",\"dateModified\":\"2021-02-01T08:27:01+00:00\",\"mainEntityOfPage\":{\"@id\":\"https:\\\/\\\/www.formacompost.fr\\\/espace-pro-accueil\\\/salon-international-de-linnovation-a-nevers\\\/\"},\"wordCount\":439,\"publisher\":{\"@id\":\"https:\\\/\\\/www.formacompost.fr\\\/espace-pro-accueil\\\/#organization\"},\"image\":{\"@id\":\"NULL#primaryimage\"},\"thumbnailUrl\":\"https:\\\/\\\/www.formacompost.fr\\\/wp-content\\\/uploads\\\/2019\\\/09\\\/inscriptionSIIVIM.jpg\",\"articleSection\":[\"La vie de Formacompost\"],\"inLanguage\":\"fr-FR\"},{\"@type\":[\"WebPage\",\"NULL\"],\"@id\":\"https:\\\/\\\/www.formacompost.fr\\\/espace-pro-accueil\\\/salon-international-de-linnovation-a-nevers\\\/\",\"url\":\"NULL\",\"name\":\"NULL\",\"isPartOf\":{\"@id\":\"https:\\\/\\\/www.formacompost.fr\\\/espace-pro-accueil\\\/#website\"},\"primaryImageOfPage\":{\"@id\":\"NULL#primaryimage\"},\"image\":{\"@id\":\"NULL#primaryimage\"},\"thumbnailUrl\":\"https:\\\/\\\/www.formacompost.fr\\\/wp-content\\\/uploads\\\/2019\\\/09\\\/inscriptionSIIVIM.jpg\",\"datePublished\":\"2019-09-23T08:44:00+00:00\",\"dateModified\":\"2021-02-01T08:27:01+00:00\",\"description\":\"NULL\",\"breadcrumb\":{\"@id\":\"NULL#breadcrumb\"},\"inLanguage\":\"fr-FR\",\"potentialAction\":[{\"@type\":\"ReadAction\",\"target\":[\"NULL\"]}]},{\"@type\":\"ImageObject\",\"inLanguage\":\"fr-FR\",\"@id\":\"NULL#primaryimage\",\"url\":\"https:\\\/\\\/www.formacompost.fr\\\/wp-content\\\/uploads\\\/2019\\\/09\\\/inscriptionSIIVIM.jpg\",\"contentUrl\":\"https:\\\/\\\/www.formacompost.fr\\\/wp-content\\\/uploads\\\/2019\\\/09\\\/inscriptionSIIVIM.jpg\",\"width\":2000,\"height\":1202},{\"@type\":\"BreadcrumbList\",\"@id\":\"NULL#breadcrumb\",\"itemListElement\":[{\"@type\":\"ListItem\",\"position\":1,\"name\":\"Accueil\",\"item\":\"https:\\\/\\\/www.formacompost.fr\\\/espace-pro-accueil\\\/\"},{\"@type\":\"ListItem\",\"position\":2,\"name\":\"Salon International de l&rsquo;Innovation \u00e0 Nevers\"}]},{\"@type\":\"WebSite\",\"@id\":\"https:\\\/\\\/www.formacompost.fr\\\/espace-pro-accueil\\\/#website\",\"url\":\"https:\\\/\\\/www.formacompost.fr\\\/espace-pro-accueil\\\/\",\"name\":\"FORMACOMPOST\",\"description\":\"Notre m\u00e9tier, la pr\u00e9vention des d\u00e9chets. L&#039;innovation notre motivation\",\"publisher\":{\"@id\":\"https:\\\/\\\/www.formacompost.fr\\\/espace-pro-accueil\\\/#organization\"},\"potentialAction\":[{\"@type\":\"SearchAction\",\"target\":{\"@type\":\"EntryPoint\",\"urlTemplate\":\"https:\\\/\\\/www.formacompost.fr\\\/espace-pro-accueil\\\/?s={search_term_string}\"},\"query-input\":{\"@type\":\"PropertyValueSpecification\",\"valueRequired\":true,\"valueName\":\"search_term_string\"}}],\"inLanguage\":\"fr-FR\"},{\"@type\":\"Organization\",\"@id\":\"https:\\\/\\\/www.formacompost.fr\\\/espace-pro-accueil\\\/#organization\",\"name\":\"Formacompost\",\"url\":\"https:\\\/\\\/www.formacompost.fr\\\/espace-pro-accueil\\\/\",\"logo\":{\"@type\":\"ImageObject\",\"inLanguage\":\"fr-FR\",\"@id\":\"https:\\\/\\\/www.formacompost.fr\\\/espace-pro-accueil\\\/#\\\/schema\\\/logo\\\/image\\\/\",\"url\":\"https:\\\/\\\/www.formacompost.fr\\\/wp-content\\\/uploads\\\/2020\\\/03\\\/logo.png\",\"contentUrl\":\"https:\\\/\\\/www.formacompost.fr\\\/wp-content\\\/uploads\\\/2020\\\/03\\\/logo.png\",\"width\":431,\"height\":154,\"caption\":\"Formacompost\"},\"image\":{\"@id\":\"https:\\\/\\\/www.formacompost.fr\\\/espace-pro-accueil\\\/#\\\/schema\\\/logo\\\/image\\\/\"}},{\"@type\":\"Person\",\"@id\":\"https:\\\/\\\/www.formacompost.fr\\\/espace-pro-accueil\\\/#\\\/schema\\\/person\\\/7cfcacebbb88f5dec569aec6a1097618\",\"name\":\"display_name\",\"image\":{\"@type\":\"ImageObject\",\"inLanguage\":\"fr-FR\",\"@id\":\"https:\\\/\\\/secure.gravatar.com\\\/avatar\\\/13196defed9657f044ada10b06dab9d302afc115f6230723052852d9f62922ef?s=96&d=mm&r=g\",\"url\":\"https:\\\/\\\/secure.gravatar.com\\\/avatar\\\/13196defed9657f044ada10b06dab9d302afc115f6230723052852d9f62922ef?s=96&d=mm&r=g\",\"contentUrl\":\"https:\\\/\\\/secure.gravatar.com\\\/avatar\\\/13196defed9657f044ada10b06dab9d302afc115f6230723052852d9f62922ef?s=96&d=mm&r=g\",\"caption\":\"display_name\"},\"sameAs\":[\"user_url\"],\"url\":\"https:\\\/\\\/www.formacompost.fr\\\/espace-pro-accueil\\\/author\\\/user_nicename\\\/\"}]}<\/script>\n<!-- \/ Yoast SEO plugin. -->","yoast_head_json":{"title":"NULL","description":"NULL","robots":{"index":"index","follow":"follow","max-snippet":"max-snippet:-1","max-image-preview":"max-image-preview:large","max-video-preview":"max-video-preview:-1"},"canonical":"NULL","og_locale":"fr_FR","og_type":"article","og_title":"NULL","og_description":"NULL","og_url":"NULL","og_site_name":"FORMACOMPOST","article_published_time":"2019-09-23T08:44:00+00:00","article_modified_time":"2021-02-01T08:27:01+00:00","og_image":[{"width":2000,"height":1202,"url":"https:\/\/www.formacompost.fr\/wp-content\/uploads\/2019\/09\/inscriptionSIIVIM.jpg","type":"image\/jpeg"}],"author":"display_name","twitter_card":"summary_large_image","twitter_title":"NULL","twitter_description":"NULL","twitter_misc":{"\u00c9crit par":"display_name"},"schema":{"@context":"https:\/\/schema.org","@graph":[{"@type":"Article","@id":"NULL#article","isPartOf":{"@id":"https:\/\/www.formacompost.fr\/espace-pro-accueil\/salon-international-de-linnovation-a-nevers\/"},"author":{"name":"display_name","@id":"https:\/\/www.formacompost.fr\/espace-pro-accueil\/#\/schema\/person\/7cfcacebbb88f5dec569aec6a1097618"},"headline":"Salon International de l&rsquo;Innovation \u00e0 Nevers","datePublished":"2019-09-23T08:44:00+00:00","dateModified":"2021-02-01T08:27:01+00:00","mainEntityOfPage":{"@id":"https:\/\/www.formacompost.fr\/espace-pro-accueil\/salon-international-de-linnovation-a-nevers\/"},"wordCount":439,"publisher":{"@id":"https:\/\/www.formacompost.fr\/espace-pro-accueil\/#organization"},"image":{"@id":"NULL#primaryimage"},"thumbnailUrl":"https:\/\/www.formacompost.fr\/wp-content\/uploads\/2019\/09\/inscriptionSIIVIM.jpg","articleSection":["La vie de Formacompost"],"inLanguage":"fr-FR"},{"@type":["WebPage","NULL"],"@id":"https:\/\/www.formacompost.fr\/espace-pro-accueil\/salon-international-de-linnovation-a-nevers\/","url":"NULL","name":"NULL","isPartOf":{"@id":"https:\/\/www.formacompost.fr\/espace-pro-accueil\/#website"},"primaryImageOfPage":{"@id":"NULL#primaryimage"},"image":{"@id":"NULL#primaryimage"},"thumbnailUrl":"https:\/\/www.formacompost.fr\/wp-content\/uploads\/2019\/09\/inscriptionSIIVIM.jpg","datePublished":"2019-09-23T08:44:00+00:00","dateModified":"2021-02-01T08:27:01+00:00","description":"NULL","breadcrumb":{"@id":"NULL#breadcrumb"},"inLanguage":"fr-FR","potentialAction":[{"@type":"ReadAction","target":["NULL"]}]},{"@type":"ImageObject","inLanguage":"fr-FR","@id":"NULL#primaryimage","url":"https:\/\/www.formacompost.fr\/wp-content\/uploads\/2019\/09\/inscriptionSIIVIM.jpg","contentUrl":"https:\/\/www.formacompost.fr\/wp-content\/uploads\/2019\/09\/inscriptionSIIVIM.jpg","width":2000,"height":1202},{"@type":"BreadcrumbList","@id":"NULL#breadcrumb","itemListElement":[{"@type":"ListItem","position":1,"name":"Accueil","item":"https:\/\/www.formacompost.fr\/espace-pro-accueil\/"},{"@type":"ListItem","position":2,"name":"Salon International de l&rsquo;Innovation \u00e0 Nevers"}]},{"@type":"WebSite","@id":"https:\/\/www.formacompost.fr\/espace-pro-accueil\/#website","url":"https:\/\/www.formacompost.fr\/espace-pro-accueil\/","name":"FORMACOMPOST","description":"Notre m\u00e9tier, la pr\u00e9vention des d\u00e9chets. L&#039;innovation notre motivation","publisher":{"@id":"https:\/\/www.formacompost.fr\/espace-pro-accueil\/#organization"},"potentialAction":[{"@type":"SearchAction","target":{"@type":"EntryPoint","urlTemplate":"https:\/\/www.formacompost.fr\/espace-pro-accueil\/?s={search_term_string}"},"query-input":{"@type":"PropertyValueSpecification","valueRequired":true,"valueName":"search_term_string"}}],"inLanguage":"fr-FR"},{"@type":"Organization","@id":"https:\/\/www.formacompost.fr\/espace-pro-accueil\/#organization","name":"Formacompost","url":"https:\/\/www.formacompost.fr\/espace-pro-accueil\/","logo":{"@type":"ImageObject","inLanguage":"fr-FR","@id":"https:\/\/www.formacompost.fr\/espace-pro-accueil\/#\/schema\/logo\/image\/","url":"https:\/\/www.formacompost.fr\/wp-content\/uploads\/2020\/03\/logo.png","contentUrl":"https:\/\/www.formacompost.fr\/wp-content\/uploads\/2020\/03\/logo.png","width":431,"height":154,"caption":"Formacompost"},"image":{"@id":"https:\/\/www.formacompost.fr\/espace-pro-accueil\/#\/schema\/logo\/image\/"}},{"@type":"Person","@id":"https:\/\/www.formacompost.fr\/espace-pro-accueil\/#\/schema\/person\/7cfcacebbb88f5dec569aec6a1097618","name":"display_name","image":{"@type":"ImageObject","inLanguage":"fr-FR","@id":"https:\/\/secure.gravatar.com\/avatar\/13196defed9657f044ada10b06dab9d302afc115f6230723052852d9f62922ef?s=96&d=mm&r=g","url":"https:\/\/secure.gravatar.com\/avatar\/13196defed9657f044ada10b06dab9d302afc115f6230723052852d9f62922ef?s=96&d=mm&r=g","contentUrl":"https:\/\/secure.gravatar.com\/avatar\/13196defed9657f044ada10b06dab9d302afc115f6230723052852d9f62922ef?s=96&d=mm&r=g","caption":"display_name"},"sameAs":["user_url"],"url":"https:\/\/www.formacompost.fr\/espace-pro-accueil\/author\/user_nicename\/"}]}},"jetpack_featured_media_url":"https:\/\/www.formacompost.fr\/wp-content\/uploads\/2019\/09\/inscriptionSIIVIM.jpg","jetpack_sharing_enabled":true,"_links":{"self":[{"href":"https:\/\/www.formacompost.fr\/espace-pro-accueil\/wp-json\/wp\/v2\/posts\/190","targetHints":{"allow":["GET"]}}],"collection":[{"href":"https:\/\/www.formacompost.fr\/espace-pro-accueil\/wp-json\/wp\/v2\/posts"}],"about":[{"href":"https:\/\/www.formacompost.fr\/espace-pro-accueil\/wp-json\/wp\/v2\/types\/post"}],"author":[{"embeddable":true,"href":"https:\/\/www.formacompost.fr\/espace-pro-accueil\/wp-json\/wp\/v2\/users\/1"}],"replies":[{"embeddable":true,"href":"https:\/\/www.formacompost.fr\/espace-pro-accueil\/wp-json\/wp\/v2\/comments?post=190"}],"version-history":[{"count":1,"href":"https:\/\/www.formacompost.fr\/espace-pro-accueil\/wp-json\/wp\/v2\/posts\/190\/revisions"}],"predecessor-version":[{"id":191,"href":"https:\/\/www.formacompost.fr\/espace-pro-accueil\/wp-json\/wp\/v2\/posts\/190\/revisions\/191"}],"wp:featuredmedia":[{"embeddable":true,"href":"https:\/\/www.formacompost.fr\/espace-pro-accueil\/wp-json\/wp\/v2\/media\/453"}],"wp:attachment":[{"href":"https:\/\/www.formacompost.fr\/espace-pro-accueil\/wp-json\/wp\/v2\/media?parent=190"}],"wp:term":[{"taxonomy":"category","embeddable":true,"href":"https:\/\/www.formacompost.fr\/espace-pro-accueil\/wp-json\/wp\/v2\/categories?post=190"},{"taxonomy":"post_tag","embeddable":true,"href":"https:\/\/www.formacompost.fr\/espace-pro-accueil\/wp-json\/wp\/v2\/tags?post=190"}],"curies":[{"name":"wp","href":"https:\/\/api.w.org\/{rel}","templated":true}]}}